{"id":18004,"date":"2026-02-13T11:47:01","date_gmt":"2026-02-13T11:47:01","guid":{"rendered":"https:\/\/blogsaverroes.juntadeandalucia.es\/iesalfonsoxi\/?p=18004"},"modified":"2026-02-13T11:47:33","modified_gmt":"2026-02-13T11:47:33","slug":"18004","status":"publish","type":"post","link":"https:\/\/blogsaverroes.juntadeandalucia.es\/iesalfonsoxi\/2026\/02\/13\/18004\/","title":{"rendered":"Destacados de 1\u00ba de Bachillerato en la primera evaluaci\u00f3n"},"content":{"rendered":"<p data-start=\"0\" data-end=\"128\">Cerramos nuestras publicaciones de reconocimiento al <strong data-start=\"53\" data-end=\"100\">alumnado destacado de la primera evaluaci\u00f3n<\/strong> con <strong data-start=\"105\" data-end=\"121\">Bachillerato<\/strong> \ud83c\udf1f\ud83c\udf93<\/p>\n<p data-start=\"0\" data-end=\"128\"><a href=\"https:\/\/blogsaverroes.juntadeandalucia.es\/iesalfonsoxi\/files\/2026\/02\/BACH1.jpg\"><img fetchpriority=\"high\" decoding=\"async\" class=\"aligncenter size-medium wp-image-18005\" src=\"https:\/\/blogsaverroes.juntadeandalucia.es\/iesalfonsoxi\/files\/2026\/02\/BACH1-300x300.jpg\" alt=\"\" width=\"300\" height=\"300\" srcset=\"https:\/\/blogsaverroes.juntadeandalucia.es\/iesalfonsoxi\/files\/2026\/02\/BACH1-300x300.jpg 300w, https:\/\/blogsaverroes.juntadeandalucia.es\/iesalfonsoxi\/files\/2026\/02\/BACH1-1024x1024.jpg 1024w, https:\/\/blogsaverroes.juntadeandalucia.es\/iesalfonsoxi\/files\/2026\/02\/BACH1-150x150.jpg 150w, https:\/\/blogsaverroes.juntadeandalucia.es\/iesalfonsoxi\/files\/2026\/02\/BACH1-768x768.jpg 768w, https:\/\/blogsaverroes.juntadeandalucia.es\/iesalfonsoxi\/files\/2026\/02\/BACH1-750x750.jpg 750w, https:\/\/blogsaverroes.juntadeandalucia.es\/iesalfonsoxi\/files\/2026\/02\/BACH1.jpg 1080w\" sizes=\"(max-width: 300px) 100vw, 300px\" \/><\/a><\/p>\n<p data-start=\"130\" data-end=\"156\">\ud83d\udd39 <strong data-start=\"133\" data-end=\"154\">1\u00ba Bachillerato A<\/strong><\/p>\n<ul>\n<li data-start=\"159\" data-end=\"184\">Candela Rubio Contreras<\/li>\n<li>Hugo Cervera P\u00e9rez<\/li>\n<\/ul>\n<p>\ud83d\udd39 <strong data-start=\"133\" data-end=\"154\">1\u00ba Bachillerato B<\/strong><\/p>\n<ul>\n<li>Abraham Andr\u00e9s Bonilla S\u00e1nchez<\/li>\n<li>Carlina S\u00e1nchez Jim\u00e9nez<\/li>\n<\/ul>\n<p>\ud83d\udd39 <strong data-start=\"133\" data-end=\"154\">1\u00ba Bachillerato C<\/strong><\/p>\n<ul>\n<li>Blake William Hooker<\/li>\n<li>Paula Navas Rodr\u00edguez<\/li>\n<\/ul>\n<p>\ud83d\udd39 <strong data-start=\"133\" data-end=\"154\">1\u00ba Bachillerato D<\/strong><\/p>\n<ul>\n<li>Marwa Syah Bessou<\/li>\n<\/ul>\n<p>\ud83d\udd39 <strong data-start=\"133\" data-end=\"154\">2\u00ba Bachillerato A<\/strong><\/p>\n<ul>\n<li>Elvira Ram\u00edrez Castillo<\/li>\n<\/ul>\n<p>\ud83d\udd39 <strong data-start=\"133\" data-end=\"154\">2\u00ba Bachillerato B<\/strong><\/p>\n<ul>\n<li>Aroa Izquierdo Cano<\/li>\n<li>Jos\u00e9 Manuel Burgos Carc\u00eda<\/li>\n<\/ul>\n<p>\ud83d\udd39 2<strong data-start=\"133\" data-end=\"154\">\u00ba Bachillerato C<\/strong><\/p>\n<ul>\n<li>Blanca Dom\u00ednguez Romero<\/li>\n<li>Miriam Exp\u00f3sito Cano<\/li>\n<li>Yanira Padilla Lorca<\/li>\n<\/ul>\n<p>\ud83d\udd39 <strong data-start=\"133\" data-end=\"154\">2\u00ba Bachillerato D<\/strong><\/p>\n<ul>\n<li>\u00c1ngela L\u00f3pez L\u00f3pez<\/li>\n<li>Selena del Carmen Berrezueta Castillo<\/li>\n<li>Irene Le\u00f3n Osuna<\/li>\n<\/ul>\n<p>&nbsp;<\/p>\nngg_shortcode_0_placeholder\n<p data-start=\"186\" data-end=\"452\">En esta etapa, marcada por la madurez acad\u00e9mica y personal, queremos destacar no solo el compromiso con los estudios, sino tambi\u00e9n cualidades como la <strong data-start=\"336\" data-end=\"355\">responsabilidad<\/strong>, la <strong data-start=\"360\" data-end=\"374\">constancia<\/strong>, la <strong data-start=\"379\" data-end=\"406\">capacidad de superaci\u00f3n<\/strong> y la <strong data-start=\"412\" data-end=\"432\">actitud ejemplar<\/strong> dentro del grupo.<\/p>\n<p data-start=\"454\" data-end=\"635\">Reconocer estos valores es fundamental, ya que el impacto positivo del buen hacer de nuestro alumnado trasciende las aulas y contribuye a fortalecer nuestra comunidad educativa \ud83d\udc99<\/p>\n<p data-start=\"637\" data-end=\"758\" data-is-last-node=\"\" data-is-only-node=\"\">\u00a1Enhorabuena por este merecido reconocimiento y por seguir siendo un referente para vuestros compa\u00f1eros y compa\u00f1eras! \ud83d\udc4f\u2728BBB<\/p>\n","protected":false},"excerpt":{"rendered":"<p>Cerramos nuestras publicaciones de reconocimiento al alumnado destacado de la primera evaluaci\u00f3n con Bachillerato \ud83c\udf1f\ud83c\udf93 \ud83d\udd39 1\u00ba Bachillerato A Candela Rubio Contreras Hugo Cervera P\u00e9rez \ud83d\udd39 1\u00ba Bachillerato B Abraham Andr\u00e9s Bonilla S\u00e1nchez Carlina S\u00e1nchez Jim\u00e9nez \ud83d\udd39 1\u00ba Bachillerato C Blake William Hooker Paula Navas Rodr\u00edguez \ud83d\udd39 1\u00ba Bachillerato D Marwa Syah Bessou \ud83d\udd39 2\u00ba &hellip; <\/p>\n<p><a class=\"more-link btn\" href=\"https:\/\/blogsaverroes.juntadeandalucia.es\/iesalfonsoxi\/2026\/02\/13\/18004\/\">Seguir leyendo<\/a><\/p>\n","protected":false},"author":6379,"featured_media":0,"comment_status":"closed","ping_status":"open","sticky":false,"template":"","format":"standard","meta":{"ngg_post_thumbnail":0,"footnotes":""},"categories":[],"tags":[],"aioseo_notices":[],"_links":{"self":[{"href":"https:\/\/blogsaverroes.juntadeandalucia.es\/iesalfonsoxi\/wp-json\/wp\/v2\/posts\/18004"}],"collection":[{"href":"https:\/\/blogsaverroes.juntadeandalucia.es\/iesalfonsoxi\/wp-json\/wp\/v2\/posts"}],"about":[{"href":"https:\/\/blogsaverroes.juntadeandalucia.es\/iesalfonsoxi\/wp-json\/wp\/v2\/types\/post"}],"author":[{"embeddable":true,"href":"https:\/\/blogsaverroes.juntadeandalucia.es\/iesalfonsoxi\/wp-json\/wp\/v2\/users\/6379"}],"replies":[{"embeddable":true,"href":"https:\/\/blogsaverroes.juntadeandalucia.es\/iesalfonsoxi\/wp-json\/wp\/v2\/comments?post=18004"}],"version-history":[{"count":2,"href":"https:\/\/blogsaverroes.juntadeandalucia.es\/iesalfonsoxi\/wp-json\/wp\/v2\/posts\/18004\/revisions"}],"predecessor-version":[{"id":18022,"href":"https:\/\/blogsaverroes.juntadeandalucia.es\/iesalfonsoxi\/wp-json\/wp\/v2\/posts\/18004\/revisions\/18022"}],"wp:attachment":[{"href":"https:\/\/blogsaverroes.juntadeandalucia.es\/iesalfonsoxi\/wp-json\/wp\/v2\/media?parent=18004"}],"wp:term":[{"taxonomy":"category","embeddable":true,"href":"https:\/\/blogsaverroes.juntadeandalucia.es\/iesalfonsoxi\/wp-json\/wp\/v2\/categories?post=18004"},{"taxonomy":"post_tag","embeddable":true,"href":"https:\/\/blogsaverroes.juntadeandalucia.es\/iesalfonsoxi\/wp-json\/wp\/v2\/tags?post=18004"}],"curies":[{"name":"wp","href":"https:\/\/api.w.org\/{rel}","templated":true}]}}