{"id":2477,"date":"2018-07-10T11:34:35","date_gmt":"2018-07-10T11:34:35","guid":{"rendered":"https:\/\/blogsaverroes.juntadeandalucia.es\/iesalfonsoxi\/?p=2477"},"modified":"2018-07-31T17:19:03","modified_gmt":"2018-07-31T17:19:03","slug":"comenzamos","status":"publish","type":"post","link":"https:\/\/blogsaverroes.juntadeandalucia.es\/iesalfonsoxi\/2018\/07\/10\/comenzamos\/","title":{"rendered":"Empezamos nuevo curso&#8230;"},"content":{"rendered":"<p align=\"justify\">Queridas familias, alumnas y alumnos: Desde mi nueva responsabilidad como Director del IES Alfonso XI es un gran placer dirigirme a todos vosotros a trav\u00e9s de estas l\u00edneas y ponerme a vuestra disposici\u00f3n para lo que necesit\u00e9is. Junto con el resto del Equipo Directivo (Loli Mu\u00f1oz, Jos\u00e9 Luis Ruiz, Mar\u00eda Jos\u00e9 Sierra y Elena Vallecillos), profesoras y profesores y el conjunto del personal no docente deseo dar la bienvenida a aquellos que os incorpor\u00e1is por vez primera a la gran familia del Alfonso XI y emplazaros, tambi\u00e9n a todos los que ya form\u00e1is parte de ella, a disfrutar de la experiencia de crecimiento y aprendizaje que nos espera durante el pr\u00f3ximo curso. Como dijo Antoine de Saint-Exup\u00e9ry en boca de su peque\u00f1o pr\u00edncipe: \u201cCaminando en l\u00ednea recta no se puede llegar muy lejos\u201d, as\u00ed que si no hay curvas, desviaciones o, en otras palabras, atrevimientos; la aventura de vivir y de aprender no resultar\u00e1 igual de interesante, atractiva, motivadora, e incluso, divertida. Conduzcamos pues por ese camino sinuoso y construyamos entre todos el futuro. Gracias por escoger el Alfonso XI y feliz curso 2018\/19. Juan Manuel Aguilera D\u00edaz Alcal\u00e1 la Real, julio de 2018.<\/p>\n<p><a href=\"https:\/\/blogsaverroes.juntadeandalucia.es\/iesalfonsoxi\/files\/2018\/07\/logo.jpg\"><img fetchpriority=\"high\" decoding=\"async\" class=\"alignnone size-full wp-image-2697\" src=\"https:\/\/blogsaverroes.juntadeandalucia.es\/iesalfonsoxi\/files\/2018\/07\/logo.jpg\" alt=\"\" width=\"202\" height=\"250\" srcset=\"https:\/\/blogsaverroes.juntadeandalucia.es\/iesalfonsoxi\/files\/2018\/07\/logo.jpg 202w, https:\/\/blogsaverroes.juntadeandalucia.es\/iesalfonsoxi\/files\/2018\/07\/logo-19x24.jpg 19w, https:\/\/blogsaverroes.juntadeandalucia.es\/iesalfonsoxi\/files\/2018\/07\/logo-29x36.jpg 29w, https:\/\/blogsaverroes.juntadeandalucia.es\/iesalfonsoxi\/files\/2018\/07\/logo-39x48.jpg 39w\" sizes=\"(max-width: 202px) 100vw, 202px\" \/><\/a><\/p>\n","protected":false},"excerpt":{"rendered":"<p>Queridas familias, alumnas y alumnos: Desde mi nueva responsabilidad como Director del IES Alfonso XI es un gran placer dirigirme a todos vosotros a trav\u00e9s de estas l\u00edneas y ponerme a vuestra disposici\u00f3n para lo que necesit\u00e9is. Junto con el resto del Equipo Directivo (Loli Mu\u00f1oz, Jos\u00e9 Luis Ruiz, Mar\u00eda Jos\u00e9 Sierra y Elena Vallecillos), &hellip; <\/p>\n<p><a class=\"more-link btn\" href=\"https:\/\/blogsaverroes.juntadeandalucia.es\/iesalfonsoxi\/2018\/07\/10\/comenzamos\/\">Seguir leyendo<\/a><\/p>\n","protected":false},"author":6379,"featured_media":0,"comment_status":"open","ping_status":"open","sticky":false,"template":"","format":"standard","meta":{"ngg_post_thumbnail":0,"footnotes":""},"categories":[13473],"tags":[1508034,13473],"aioseo_notices":[],"_links":{"self":[{"href":"https:\/\/blogsaverroes.juntadeandalucia.es\/iesalfonsoxi\/wp-json\/wp\/v2\/posts\/2477"}],"collection":[{"href":"https:\/\/blogsaverroes.juntadeandalucia.es\/iesalfonsoxi\/wp-json\/wp\/v2\/posts"}],"about":[{"href":"https:\/\/blogsaverroes.juntadeandalucia.es\/iesalfonsoxi\/wp-json\/wp\/v2\/types\/post"}],"author":[{"embeddable":true,"href":"https:\/\/blogsaverroes.juntadeandalucia.es\/iesalfonsoxi\/wp-json\/wp\/v2\/users\/6379"}],"replies":[{"embeddable":true,"href":"https:\/\/blogsaverroes.juntadeandalucia.es\/iesalfonsoxi\/wp-json\/wp\/v2\/comments?post=2477"}],"version-history":[{"count":7,"href":"https:\/\/blogsaverroes.juntadeandalucia.es\/iesalfonsoxi\/wp-json\/wp\/v2\/posts\/2477\/revisions"}],"predecessor-version":[{"id":2700,"href":"https:\/\/blogsaverroes.juntadeandalucia.es\/iesalfonsoxi\/wp-json\/wp\/v2\/posts\/2477\/revisions\/2700"}],"wp:attachment":[{"href":"https:\/\/blogsaverroes.juntadeandalucia.es\/iesalfonsoxi\/wp-json\/wp\/v2\/media?parent=2477"}],"wp:term":[{"taxonomy":"category","embeddable":true,"href":"https:\/\/blogsaverroes.juntadeandalucia.es\/iesalfonsoxi\/wp-json\/wp\/v2\/categories?post=2477"},{"taxonomy":"post_tag","embeddable":true,"href":"https:\/\/blogsaverroes.juntadeandalucia.es\/iesalfonsoxi\/wp-json\/wp\/v2\/tags?post=2477"}],"curies":[{"name":"wp","href":"https:\/\/api.w.org\/{rel}","templated":true}]}}