{"id":4365,"date":"2019-02-06T09:28:39","date_gmt":"2019-02-06T09:28:39","guid":{"rendered":"https:\/\/blogsaverroes.juntadeandalucia.es\/iesalfonsoxi\/?p=4365"},"modified":"2019-02-14T09:55:19","modified_gmt":"2019-02-14T09:55:19","slug":"proyecto-explora-ies-organizado-por-la-universidad-de-jaen","status":"publish","type":"post","link":"https:\/\/blogsaverroes.juntadeandalucia.es\/iesalfonsoxi\/2019\/02\/06\/proyecto-explora-ies-organizado-por-la-universidad-de-jaen\/","title":{"rendered":"Proyecto Explora-IES organizado por la Universidad de Ja\u00e9n."},"content":{"rendered":"<p style=\"text-align: justify\"><a href=\"https:\/\/blogsaverroes.juntadeandalucia.es\/iesalfonsoxi\/files\/2019\/02\/uja.png\"><img decoding=\"async\" class=\" wp-image-4368 alignleft\" src=\"https:\/\/blogsaverroes.juntadeandalucia.es\/iesalfonsoxi\/files\/2019\/02\/uja.png\" alt=\"\" width=\"126\" height=\"98\" srcset=\"https:\/\/blogsaverroes.juntadeandalucia.es\/iesalfonsoxi\/files\/2019\/02\/uja.png 172w, https:\/\/blogsaverroes.juntadeandalucia.es\/iesalfonsoxi\/files\/2019\/02\/uja-24x19.png 24w, https:\/\/blogsaverroes.juntadeandalucia.es\/iesalfonsoxi\/files\/2019\/02\/uja-36x28.png 36w, https:\/\/blogsaverroes.juntadeandalucia.es\/iesalfonsoxi\/files\/2019\/02\/uja-48x37.png 48w\" sizes=\"(max-width: 126px) 100vw, 126px\" \/><\/a>Nuestro centro ha sido seleccionado para participar en el proyecto Explora-IES, organizado por la Universidad de Ja\u00e9n, junto con la Delegaci\u00f3n Territorial de Educaci\u00f3n, que trata de estimular la curiosidad y creatividad de alumnado de los Institutos de Ense\u00f1anza Secundaria (IES) a trav\u00e9s del estudio y la investigaci\u00f3n, implementando una atenci\u00f3n espec\u00edfica de apoyo educativo al alumnado de altas capacidades y\/o resultados acad\u00e9micos sobresalientes de niveles educativos no universitarios.<br \/>\nLos objetivos son, por una parte, proporcionar oportunidades y crear ambientes enriquecedores para que este alumnado pueda desarrollar plenamente su potencial en un contexto inclusivo y, por otra, darles a conocer las l\u00edneas de investigaci\u00f3n que se desarrollan en la Universidad de Ja\u00e9n como foco de atracci\u00f3n de talento.<br \/>\nExplora-IES se concreta en la oferta de peque\u00f1os proyectos de investigaci\u00f3n adaptados a alumnado de 4\u00ba de ESO y de 1\u00ba de Bachillerato y relacionados con las l\u00edneas de investigaci\u00f3n que el profesorado de la Universidad de Ja\u00e9n est\u00e9 desarrollando.<br \/>\nA nuestro centro se le ha asignado el proyecto titulado \u201c\u00bfAfecta realmente la \u201cpsicolog\u00eda del inversor\u201d a la cotizaci\u00f3n en bolsa de las acciones? en el que se pretende que los alumnos se adentren en los Mercados Financieros, entiendan su comportamiento y su influencia en la marcha de las empresas y, por tanto, de la econom\u00eda real.<br \/>\nPor otro lado, se pretende analizar si existe relaci\u00f3n entre la evoluci\u00f3n de la cotizaci\u00f3n de las acciones de determinadas empresas en la Bolsa y la psicolog\u00eda del inversor, entendiendo como tal a la reacci\u00f3n ante determinados acontecimientos ajenos al funcionamiento real de la empresa. Nos referimos a noticias pol\u00edticas y econ\u00f3micas, efecto de alg\u00fan d\u00eda de la semana, cat\u00e1strofes naturales, etc.<br \/>\nSe han seleccionado alumnos\/as de 4\u00baESO y 1\u00baBachillerato matriculados de Econom\u00eda.<br \/>\nLa profesora que desarrollar\u00e1 el proyecto con ellos es Isabel Bl\u00e1zquez L\u00f3pez y los alumnos\/as<br \/>\nseleccionados son:<br \/>\nElena Ram\u00edrez Vega<br \/>\nEva Palacios P\u00e9rez<br \/>\nClaudia Romero Exp\u00f3sito<br \/>\nF\u00e1tima Garc\u00eda Mart\u00edn<br \/>\nMar\u00eda Cano Fuentes<br \/>\nF\u00e1tima L\u00f3pez Gonz\u00e1lez<br \/>\nMarta Navas Gonz\u00e1lvez<br \/>\nIgnacio Moya Extremera<\/p>\n<p style=\"text-align: justify\">Hoy, d\u00eda 6 de Febrero est\u00e1n en la UJA en el acto de inauguraci\u00f3n del programa.<\/p>\n","protected":false},"excerpt":{"rendered":"<p>Nuestro centro ha sido seleccionado para participar en el proyecto Explora-IES, organizado por la Universidad de Ja\u00e9n, junto con la Delegaci\u00f3n Territorial de Educaci\u00f3n, que trata de estimular la curiosidad y creatividad de alumnado de los Institutos de Ense\u00f1anza Secundaria (IES) a trav\u00e9s del estudio y la investigaci\u00f3n, implementando una atenci\u00f3n espec\u00edfica de apoyo educativo &hellip; <\/p>\n<p><a class=\"more-link btn\" href=\"https:\/\/blogsaverroes.juntadeandalucia.es\/iesalfonsoxi\/2019\/02\/06\/proyecto-explora-ies-organizado-por-la-universidad-de-jaen\/\">Seguir leyendo<\/a><\/p>\n","protected":false},"author":6379,"featured_media":0,"comment_status":"open","ping_status":"open","sticky":false,"template":"","format":"standard","meta":{"ngg_post_thumbnail":0,"footnotes":""},"categories":[13473,19],"tags":[],"aioseo_notices":[],"_links":{"self":[{"href":"https:\/\/blogsaverroes.juntadeandalucia.es\/iesalfonsoxi\/wp-json\/wp\/v2\/posts\/4365"}],"collection":[{"href":"https:\/\/blogsaverroes.juntadeandalucia.es\/iesalfonsoxi\/wp-json\/wp\/v2\/posts"}],"about":[{"href":"https:\/\/blogsaverroes.juntadeandalucia.es\/iesalfonsoxi\/wp-json\/wp\/v2\/types\/post"}],"author":[{"embeddable":true,"href":"https:\/\/blogsaverroes.juntadeandalucia.es\/iesalfonsoxi\/wp-json\/wp\/v2\/users\/6379"}],"replies":[{"embeddable":true,"href":"https:\/\/blogsaverroes.juntadeandalucia.es\/iesalfonsoxi\/wp-json\/wp\/v2\/comments?post=4365"}],"version-history":[{"count":3,"href":"https:\/\/blogsaverroes.juntadeandalucia.es\/iesalfonsoxi\/wp-json\/wp\/v2\/posts\/4365\/revisions"}],"predecessor-version":[{"id":4369,"href":"https:\/\/blogsaverroes.juntadeandalucia.es\/iesalfonsoxi\/wp-json\/wp\/v2\/posts\/4365\/revisions\/4369"}],"wp:attachment":[{"href":"https:\/\/blogsaverroes.juntadeandalucia.es\/iesalfonsoxi\/wp-json\/wp\/v2\/media?parent=4365"}],"wp:term":[{"taxonomy":"category","embeddable":true,"href":"https:\/\/blogsaverroes.juntadeandalucia.es\/iesalfonsoxi\/wp-json\/wp\/v2\/categories?post=4365"},{"taxonomy":"post_tag","embeddable":true,"href":"https:\/\/blogsaverroes.juntadeandalucia.es\/iesalfonsoxi\/wp-json\/wp\/v2\/tags?post=4365"}],"curies":[{"name":"wp","href":"https:\/\/api.w.org\/{rel}","templated":true}]}}