{"id":4375,"date":"2019-02-12T09:59:52","date_gmt":"2019-02-12T09:59:52","guid":{"rendered":"https:\/\/blogsaverroes.juntadeandalucia.es\/iesalfonsoxi\/?p=4375"},"modified":"2019-02-14T09:54:21","modified_gmt":"2019-02-14T09:54:21","slug":"y-para-el-dia-de-la-mujer-que-vamos-a-hacer-este-ano","status":"publish","type":"post","link":"https:\/\/blogsaverroes.juntadeandalucia.es\/iesalfonsoxi\/2019\/02\/12\/y-para-el-dia-de-la-mujer-que-vamos-a-hacer-este-ano\/","title":{"rendered":"Y para el d\u00eda de la mujer \u2026. \u00bf Qu\u00e9 vamos a hacer este a\u00f1o?"},"content":{"rendered":"<p style=\"text-align: justify\">Se acerca la celebraci\u00f3n del D\u00eda Internacional de la mujer (8 de Marzo) y en nuestro centro hemos empezado a trabajar ya con el proyecto <strong><span style=\"color: #993366\">\u201cEscritoras en la historia\u201d<\/span><\/strong>; metodolog\u00eda con la que ya por segundo a\u00f1o vamos a celebrar esta efem\u00e9ride. En este proyecto, el alumnado de la ESO investiga el papel que las mujeres escritoras han desarrollado a lo largo de la historia de la literatura universal; papel que la mayor\u00eda de las veces ha sido silenciado por los libros de texto.<\/p>\n<p style=\"text-align: justify\">En este proyecto trabajan de forma colaborativa los Departamentos de Lengua, Ingl\u00e9s, Franc\u00e9s, Orientaci\u00f3n y Educaci\u00f3n Pl\u00e1stica y Visual junto con la Coordinadora de Coeducaci\u00f3n del centro, Do\u00f1a Dulce S\u00e1nchez. Mediante este proyecto a lo largo del mes de Febrero cada clase de <strong><span style=\"color: #993366\">1\u00ba a 3\u00ba de ESO<\/span><\/strong>&nbsp; investiga sobre la mujer escritora que le ha tocado, as\u00ed como sobre la \u00e9poca hist\u00f3rica que en que le toc\u00f3 vivir y dise\u00f1a, elabora y lleva a la pr\u00e1ctica una decoraci\u00f3n para la puerta de su clase y una escenificaci\u00f3n que se realiza dentro del aula cuando pasa el jurado a visitarlos. As\u00ed, todo el trabajo de las clases queda expuesto a modo de concurso para el 12 de Marzo, fecha en que los visita un jurado formado por alumnos de 4\u00ba de ESO, profesorado, miembros del Equipo de gobierno del Ayuntamiento y tambi\u00e9n de la Federaci\u00f3n de asociaciones de mujeres de Alcal\u00e1 La Real \u201cCreciendo Unidas\u201d. \u00bfQu\u00e9 ser\u00e1n capaces de hacer nuestros alumnos con el apoyo de sus profesores para este d\u00eda?, \u00bfsuperar\u00e1n el trabajo tan bueno que realizaron el curso pasado con el proyecto \u201cSufragistas en la historia\u201d?,\u2026 esperemos a ver los resultados de todo su trabajo el 12 de Marzo y mientras esperamos os queremos mostrar unas fotos del trabajo en que han estado inmersos los alumnos de 4\u00ba:<\/p>\nngg_shortcode_0_placeholder\n<p style=\"text-align: justify\">Estos alumnos de 4\u00ba de ESO participan como jurado&nbsp; en este proyecto y para ellos, tambi\u00e9n est\u00e1n conociendo el papel de la mujer en la literatura. As\u00ed, &nbsp;tras realizar un Cineforum sobre la pel\u00edcula de una escritora inglesa (Miss Potter), se han acercado m\u00e1s al mundo literario y emprendedor de la mano de<strong><span style=\"color: #993366\"> Do\u00f1a Inmaculada Puche<\/span><\/strong>, gerente de una empresa local dedicada a la literatura, la Editorial <strong><span style=\"color: #993366\">\u201cAmor de Madre<\/span><\/strong>\u201d. Esta empresa selecciona y publica libros a diferentes autores y de diferentes estilos desde nuestra localidad, habiendo permitido esta actividad conocer a nuestros alumnos los entresijos del mundo editorial en particular y del mundo empresarial y emprendedor en general; estamos seguros que habr\u00e1 despertado algunas vocaciones por un lado e incentivado la lectura por otro\u2026 que ganas nos ha dado de leer algunos libros de literatura juvenil que nos ha presentado \u2026as\u00ed que os dejamos para irnos a leerlos, no sin antes emplazaros a que est\u00e9is atentos a la web del centro para conocer los productos finales que realizan nuestros alumnos de la ESO para el 12 de Marzo.<\/p>\n","protected":false},"excerpt":{"rendered":"<p>Se acerca la celebraci\u00f3n del D\u00eda Internacional de la mujer (8 de Marzo) y en nuestro centro hemos empezado a trabajar ya con el proyecto \u201cEscritoras en la historia\u201d; metodolog\u00eda con la que ya por segundo a\u00f1o vamos a celebrar esta efem\u00e9ride. En este proyecto, el alumnado de la ESO investiga el papel que las &hellip; <\/p>\n<p><a class=\"more-link btn\" href=\"https:\/\/blogsaverroes.juntadeandalucia.es\/iesalfonsoxi\/2019\/02\/12\/y-para-el-dia-de-la-mujer-que-vamos-a-hacer-este-ano\/\">Seguir leyendo<\/a><\/p>\n","protected":false},"author":6379,"featured_media":0,"comment_status":"open","ping_status":"open","sticky":false,"template":"","format":"standard","meta":{"ngg_post_thumbnail":0,"footnotes":""},"categories":[5991,25493,13473,25502,19,25510],"tags":[285],"aioseo_notices":[],"_links":{"self":[{"href":"https:\/\/blogsaverroes.juntadeandalucia.es\/iesalfonsoxi\/wp-json\/wp\/v2\/posts\/4375"}],"collection":[{"href":"https:\/\/blogsaverroes.juntadeandalucia.es\/iesalfonsoxi\/wp-json\/wp\/v2\/posts"}],"about":[{"href":"https:\/\/blogsaverroes.juntadeandalucia.es\/iesalfonsoxi\/wp-json\/wp\/v2\/types\/post"}],"author":[{"embeddable":true,"href":"https:\/\/blogsaverroes.juntadeandalucia.es\/iesalfonsoxi\/wp-json\/wp\/v2\/users\/6379"}],"replies":[{"embeddable":true,"href":"https:\/\/blogsaverroes.juntadeandalucia.es\/iesalfonsoxi\/wp-json\/wp\/v2\/comments?post=4375"}],"version-history":[{"count":5,"href":"https:\/\/blogsaverroes.juntadeandalucia.es\/iesalfonsoxi\/wp-json\/wp\/v2\/posts\/4375\/revisions"}],"predecessor-version":[{"id":4394,"href":"https:\/\/blogsaverroes.juntadeandalucia.es\/iesalfonsoxi\/wp-json\/wp\/v2\/posts\/4375\/revisions\/4394"}],"wp:attachment":[{"href":"https:\/\/blogsaverroes.juntadeandalucia.es\/iesalfonsoxi\/wp-json\/wp\/v2\/media?parent=4375"}],"wp:term":[{"taxonomy":"category","embeddable":true,"href":"https:\/\/blogsaverroes.juntadeandalucia.es\/iesalfonsoxi\/wp-json\/wp\/v2\/categories?post=4375"},{"taxonomy":"post_tag","embeddable":true,"href":"https:\/\/blogsaverroes.juntadeandalucia.es\/iesalfonsoxi\/wp-json\/wp\/v2\/tags?post=4375"}],"curies":[{"name":"wp","href":"https:\/\/api.w.org\/{rel}","templated":true}]}}