{"id":4615,"date":"2019-02-28T15:49:33","date_gmt":"2019-02-28T15:49:33","guid":{"rendered":"https:\/\/blogsaverroes.juntadeandalucia.es\/iesalfonsoxi\/?p=4615"},"modified":"2019-02-28T09:57:16","modified_gmt":"2019-02-28T09:57:16","slug":"enhorabuena-de-nuestro-departamento-de-matematicas","status":"publish","type":"post","link":"https:\/\/blogsaverroes.juntadeandalucia.es\/iesalfonsoxi\/2019\/02\/28\/enhorabuena-de-nuestro-departamento-de-matematicas\/","title":{"rendered":"\u00a1Enhorabuena a nuestro departamento de Matem\u00e1ticas!"},"content":{"rendered":"<p style=\"text-align: justify\"><a href=\"https:\/\/blogsaverroes.juntadeandalucia.es\/iesalfonsoxi\/files\/2019\/02\/premio-h\u00e9rcules-2019.jpeg\"><img fetchpriority=\"high\" decoding=\"async\" class=\"size-medium wp-image-4616 alignleft\" src=\"https:\/\/blogsaverroes.juntadeandalucia.es\/iesalfonsoxi\/files\/2019\/02\/premio-h\u00e9rcules-2019-300x200.jpeg\" alt=\"\" width=\"300\" height=\"200\" srcset=\"https:\/\/blogsaverroes.juntadeandalucia.es\/iesalfonsoxi\/files\/2019\/02\/premio-h\u00e9rcules-2019-300x200.jpeg 300w, https:\/\/blogsaverroes.juntadeandalucia.es\/iesalfonsoxi\/files\/2019\/02\/premio-h\u00e9rcules-2019-768x512.jpeg 768w, https:\/\/blogsaverroes.juntadeandalucia.es\/iesalfonsoxi\/files\/2019\/02\/premio-h\u00e9rcules-2019-1024x683.jpeg 1024w, https:\/\/blogsaverroes.juntadeandalucia.es\/iesalfonsoxi\/files\/2019\/02\/premio-h\u00e9rcules-2019-24x16.jpeg 24w, https:\/\/blogsaverroes.juntadeandalucia.es\/iesalfonsoxi\/files\/2019\/02\/premio-h\u00e9rcules-2019-36x24.jpeg 36w, https:\/\/blogsaverroes.juntadeandalucia.es\/iesalfonsoxi\/files\/2019\/02\/premio-h\u00e9rcules-2019-48x32.jpeg 48w, https:\/\/blogsaverroes.juntadeandalucia.es\/iesalfonsoxi\/files\/2019\/02\/premio-h\u00e9rcules-2019.jpeg 1440w\" sizes=\"(max-width: 300px) 100vw, 300px\" \/><\/a>&nbsp;Queremos felicitar a nuestro&nbsp;<strong><span style=\"color: #993366\">departamento de Matem\u00e1ticas<\/span><\/strong> por el merecido <strong><span style=\"color: #993366\">Premio H\u00e9rcules 2018<\/span><\/strong> m\u00e1xima distinci\u00f3n que la ciudad de Alcal\u00e1 la Real concede a personalidades, instituciones, colectivos o empresas, en reconocimiento a su trayectoria, de forma bienal. El acto ha contado, entre otras autoridades, con la presencia del presidente de la Diputaci\u00f3n Provincial de Ja\u00e9n, Francisco Reyes; la subdelegada del Gobierno, Catalina Madue\u00f1o, y el&nbsp;delegado territorial de Fomento, Infraestructuras, Ordenaci\u00f3n del Territorio, Cultura y Patrimonio Hist\u00f3rico&nbsp;en Ja\u00e9n, Jes\u00fas Manuel Estrella.<\/p>\n<p style=\"text-align: justify\">En esta edici\u00f3n, en la categor\u00eda de <strong><span style=\"color: #993366\">Cultura y Educaci\u00f3n<\/span><\/strong>, el premio H\u00e9rcules ha sido&nbsp;otorgado a nuestro departamento de Matem\u00e1ticas con menci\u00f3n especial a <strong><span style=\"color: #993366\">D. Jos\u00e9 Lu\u00eds Ru\u00edz Fern\u00e1ndez<\/span><\/strong>, \u201cpor su aportaci\u00f3n a la calidad e innovaci\u00f3n educativa que han <strong><span style=\"color: #993366\">dinamizado y motivado en el aprendizaje<\/span><\/strong> de las matem\u00e1ticas a todo el alumnado, no solo en la localidad, sino de todo el entorno, con proyectos tan destacados como Gymkhanas Matem\u00e1ticas, Mini Gymhkanas Matem\u00e1ticas, Exhibici\u00f3n de Ajedrez Viviente y Cubo de Rubik, Intercambios Erasmus Plus, etc; y en definitiva innumerables pr\u00e1cticas educativas de aprendizaje, convivencia y difusi\u00f3n que han llevado a nuestro municipio y a muchos de sus alumnos y alumnas a ser conocido m\u00e1s all\u00e1 del entorno por su dinamismo en las Matem\u00e1ticas\u201d. &nbsp; &nbsp; &nbsp; &nbsp; &nbsp; &nbsp;<\/p>\n<p style=\"text-align: justify\">\u00a1Enhorabuena compa\u00f1er@! <a href=\"https:\/\/m.facebook.com\/story.php?story_fbid=1258456984304348&amp;id=344181422458457\">VER<\/a><\/p>\n<p style=\"text-align: justify\">&nbsp;<\/p>\n<p>&nbsp;<\/p>\n","protected":false},"excerpt":{"rendered":"<p>&nbsp;Queremos felicitar a nuestro&nbsp;departamento de Matem\u00e1ticas por el merecido Premio H\u00e9rcules 2018 m\u00e1xima distinci\u00f3n que la ciudad de Alcal\u00e1 la Real concede a personalidades, instituciones, colectivos o empresas, en reconocimiento a su trayectoria, de forma bienal. El acto ha contado, entre otras autoridades, con la presencia del presidente de la Diputaci\u00f3n Provincial de Ja\u00e9n, Francisco &hellip; <\/p>\n<p><a class=\"more-link btn\" href=\"https:\/\/blogsaverroes.juntadeandalucia.es\/iesalfonsoxi\/2019\/02\/28\/enhorabuena-de-nuestro-departamento-de-matematicas\/\">Seguir leyendo<\/a><\/p>\n","protected":false},"author":6379,"featured_media":0,"comment_status":"open","ping_status":"open","sticky":false,"template":"","format":"standard","meta":{"ngg_post_thumbnail":0,"footnotes":""},"categories":[13473],"tags":[],"aioseo_notices":[],"_links":{"self":[{"href":"https:\/\/blogsaverroes.juntadeandalucia.es\/iesalfonsoxi\/wp-json\/wp\/v2\/posts\/4615"}],"collection":[{"href":"https:\/\/blogsaverroes.juntadeandalucia.es\/iesalfonsoxi\/wp-json\/wp\/v2\/posts"}],"about":[{"href":"https:\/\/blogsaverroes.juntadeandalucia.es\/iesalfonsoxi\/wp-json\/wp\/v2\/types\/post"}],"author":[{"embeddable":true,"href":"https:\/\/blogsaverroes.juntadeandalucia.es\/iesalfonsoxi\/wp-json\/wp\/v2\/users\/6379"}],"replies":[{"embeddable":true,"href":"https:\/\/blogsaverroes.juntadeandalucia.es\/iesalfonsoxi\/wp-json\/wp\/v2\/comments?post=4615"}],"version-history":[{"count":5,"href":"https:\/\/blogsaverroes.juntadeandalucia.es\/iesalfonsoxi\/wp-json\/wp\/v2\/posts\/4615\/revisions"}],"predecessor-version":[{"id":4648,"href":"https:\/\/blogsaverroes.juntadeandalucia.es\/iesalfonsoxi\/wp-json\/wp\/v2\/posts\/4615\/revisions\/4648"}],"wp:attachment":[{"href":"https:\/\/blogsaverroes.juntadeandalucia.es\/iesalfonsoxi\/wp-json\/wp\/v2\/media?parent=4615"}],"wp:term":[{"taxonomy":"category","embeddable":true,"href":"https:\/\/blogsaverroes.juntadeandalucia.es\/iesalfonsoxi\/wp-json\/wp\/v2\/categories?post=4615"},{"taxonomy":"post_tag","embeddable":true,"href":"https:\/\/blogsaverroes.juntadeandalucia.es\/iesalfonsoxi\/wp-json\/wp\/v2\/tags?post=4615"}],"curies":[{"name":"wp","href":"https:\/\/api.w.org\/{rel}","templated":true}]}}