{"id":4672,"date":"2019-03-07T20:31:40","date_gmt":"2019-03-07T20:31:40","guid":{"rendered":"https:\/\/blogsaverroes.juntadeandalucia.es\/iesalfonsoxi\/?p=4672"},"modified":"2019-03-11T17:37:06","modified_gmt":"2019-03-11T17:37:06","slug":"mujeres-que-han-hecho-historia-en-la-sierra-sur-de-jaen","status":"publish","type":"post","link":"https:\/\/blogsaverroes.juntadeandalucia.es\/iesalfonsoxi\/2019\/03\/07\/mujeres-que-han-hecho-historia-en-la-sierra-sur-de-jaen\/","title":{"rendered":"Mujeres que han hecho historia en la Sierra Sur de Ja\u00e9n"},"content":{"rendered":"ngg_shortcode_0_placeholder\n<p>Desde Adsur y en colaboraci\u00f3n con ACISUR se trabaj\u00f3 el tema de la mujer en la comarca.<\/p>\n<p>10 municipios aportaron a aquellas mujeres que hab\u00edan aportado su historia en disciplinas como la pol\u00edtica, la ense\u00f1anza, la religiosidad, la literatura, las ciencias, las artes, etc&#8230;<\/p>\n<p>Este a\u00f1o con motivo de la celebraci\u00f3n del <strong><span style=\"color: #993366\">8 de Marzo, D\u00eda Internacional de la mujer trabajadora<\/span><\/strong> y dentro del <strong><span style=\"color: #993366\">Plan de Coeducaci\u00f3n<\/span><\/strong>, nos visitan los paneles para el conocimiento y disfrute de nuestra comunidad educativa.<a href=\"https:\/\/drive.google.com\/file\/d\/0B9oaJD5T6IF0VWU4b21uN0F5WVp2VnFfZzVKTTVvMUF5WVhB\/view?usp=sharing\">VER<\/a><\/p>\n","protected":false},"excerpt":{"rendered":"<p>Este a\u00f1o con motivo de la celebraci\u00f3n del 8 de Marzo, D\u00eda Internacional de la mujer trabajadora y dentro del Plan de Coeducaci\u00f3n, nos visitan los paneles para el conocimiento y disfrute de nuestra comunidad educativa.VER<\/p>\n","protected":false},"author":6379,"featured_media":4814,"comment_status":"open","ping_status":"open","sticky":false,"template":"","format":"standard","meta":{"ngg_post_thumbnail":0,"footnotes":""},"categories":[784,287,13473,19,33096],"tags":[286,287,3253],"aioseo_notices":[],"_links":{"self":[{"href":"https:\/\/blogsaverroes.juntadeandalucia.es\/iesalfonsoxi\/wp-json\/wp\/v2\/posts\/4672"}],"collection":[{"href":"https:\/\/blogsaverroes.juntadeandalucia.es\/iesalfonsoxi\/wp-json\/wp\/v2\/posts"}],"about":[{"href":"https:\/\/blogsaverroes.juntadeandalucia.es\/iesalfonsoxi\/wp-json\/wp\/v2\/types\/post"}],"author":[{"embeddable":true,"href":"https:\/\/blogsaverroes.juntadeandalucia.es\/iesalfonsoxi\/wp-json\/wp\/v2\/users\/6379"}],"replies":[{"embeddable":true,"href":"https:\/\/blogsaverroes.juntadeandalucia.es\/iesalfonsoxi\/wp-json\/wp\/v2\/comments?post=4672"}],"version-history":[{"count":8,"href":"https:\/\/blogsaverroes.juntadeandalucia.es\/iesalfonsoxi\/wp-json\/wp\/v2\/posts\/4672\/revisions"}],"predecessor-version":[{"id":4800,"href":"https:\/\/blogsaverroes.juntadeandalucia.es\/iesalfonsoxi\/wp-json\/wp\/v2\/posts\/4672\/revisions\/4800"}],"wp:featuredmedia":[{"embeddable":true,"href":"https:\/\/blogsaverroes.juntadeandalucia.es\/iesalfonsoxi\/wp-json\/wp\/v2\/media\/4814"}],"wp:attachment":[{"href":"https:\/\/blogsaverroes.juntadeandalucia.es\/iesalfonsoxi\/wp-json\/wp\/v2\/media?parent=4672"}],"wp:term":[{"taxonomy":"category","embeddable":true,"href":"https:\/\/blogsaverroes.juntadeandalucia.es\/iesalfonsoxi\/wp-json\/wp\/v2\/categories?post=4672"},{"taxonomy":"post_tag","embeddable":true,"href":"https:\/\/blogsaverroes.juntadeandalucia.es\/iesalfonsoxi\/wp-json\/wp\/v2\/tags?post=4672"}],"curies":[{"name":"wp","href":"https:\/\/api.w.org\/{rel}","templated":true}]}}