{"id":4698,"date":"2019-03-07T09:41:17","date_gmt":"2019-03-07T09:41:17","guid":{"rendered":"https:\/\/blogsaverroes.juntadeandalucia.es\/iesalfonsoxi\/?p=4698"},"modified":"2019-03-07T09:43:24","modified_gmt":"2019-03-07T09:43:24","slug":"becas-para-la-participacion-en-un-programa-intensivo-de-inmersion-linguistica-en-ingles-en-espana-para-el-ano-2019","status":"publish","type":"post","link":"https:\/\/blogsaverroes.juntadeandalucia.es\/iesalfonsoxi\/2019\/03\/07\/becas-para-la-participacion-en-un-programa-intensivo-de-inmersion-linguistica-en-ingles-en-espana-para-el-ano-2019\/","title":{"rendered":"Becas para la participaci\u00f3n en un programa intensivo de inmersi\u00f3n\u00a0ling\u00fc\u00edstica en ingl\u00e9s en Espa\u00f1a, para el a\u00f1o 2019"},"content":{"rendered":"<p style=\"text-align: justify\">&nbsp;Resoluci\u00f3n de 25 de febrero de 2019, de la Secretar\u00eda de Estado de Educaci\u00f3n y Formaci\u00f3n Profesional, por la que se convocan<b>&nbsp;becas para la participaci\u00f3n en un programa intensivo de inmersi\u00f3n&nbsp;<\/b><b>ling\u00fc\u00edstica en ingl\u00e9s en Espa\u00f1a<\/b>, para el a\u00f1o 2019. Estas becas est\u00e1n dirigidas a alumnado matriculado en el curso 2018\/2019 en:<\/p>\n<ul>\n<li>Bachillerato<\/li>\n<li>Ense\u00f1anzas profesionales de m\u00fasica y danza<\/li>\n<li>Grado medio de formaci\u00f3n profesional<\/li>\n<li>Grado medio de artes pl\u00e1sticas y dise\u00f1o<\/li>\n<li>Grado medio de ense\u00f1anzas deportivas<\/li>\n<li>Ense\u00f1anzas de idiomas de nivel intermedio o avanzado<\/li>\n<\/ul>\n<p>Los requisitos se encuentran en la resoluci\u00f3n.<a href=\"https:\/\/drive.google.com\/file\/d\/1VvOM3V_mTpio03jQrzYRMfPQdyETmygr\/view?usp=sharing\">VER&nbsp;<\/a><\/p>\n","protected":false},"excerpt":{"rendered":"<p>&nbsp;Resoluci\u00f3n de 25 de febrero de 2019, de la Secretar\u00eda de Estado de Educaci\u00f3n y Formaci\u00f3n Profesional, por la que se convocan&nbsp;becas para la participaci\u00f3n en un programa intensivo de inmersi\u00f3n&nbsp;ling\u00fc\u00edstica en ingl\u00e9s en Espa\u00f1a, para el a\u00f1o 2019. Estas becas est\u00e1n dirigidas a alumnado matriculado en el curso 2018\/2019 en: Bachillerato Ense\u00f1anzas profesionales de &hellip; <\/p>\n<p><a class=\"more-link btn\" href=\"https:\/\/blogsaverroes.juntadeandalucia.es\/iesalfonsoxi\/2019\/03\/07\/becas-para-la-participacion-en-un-programa-intensivo-de-inmersion-linguistica-en-ingles-en-espana-para-el-ano-2019\/\">Seguir leyendo<\/a><\/p>\n","protected":false},"author":6379,"featured_media":0,"comment_status":"open","ping_status":"open","sticky":false,"template":"","format":"standard","meta":{"ngg_post_thumbnail":0,"footnotes":""},"categories":[784,1508346,13473],"tags":[3910,170],"aioseo_notices":[],"_links":{"self":[{"href":"https:\/\/blogsaverroes.juntadeandalucia.es\/iesalfonsoxi\/wp-json\/wp\/v2\/posts\/4698"}],"collection":[{"href":"https:\/\/blogsaverroes.juntadeandalucia.es\/iesalfonsoxi\/wp-json\/wp\/v2\/posts"}],"about":[{"href":"https:\/\/blogsaverroes.juntadeandalucia.es\/iesalfonsoxi\/wp-json\/wp\/v2\/types\/post"}],"author":[{"embeddable":true,"href":"https:\/\/blogsaverroes.juntadeandalucia.es\/iesalfonsoxi\/wp-json\/wp\/v2\/users\/6379"}],"replies":[{"embeddable":true,"href":"https:\/\/blogsaverroes.juntadeandalucia.es\/iesalfonsoxi\/wp-json\/wp\/v2\/comments?post=4698"}],"version-history":[{"count":3,"href":"https:\/\/blogsaverroes.juntadeandalucia.es\/iesalfonsoxi\/wp-json\/wp\/v2\/posts\/4698\/revisions"}],"predecessor-version":[{"id":4703,"href":"https:\/\/blogsaverroes.juntadeandalucia.es\/iesalfonsoxi\/wp-json\/wp\/v2\/posts\/4698\/revisions\/4703"}],"wp:attachment":[{"href":"https:\/\/blogsaverroes.juntadeandalucia.es\/iesalfonsoxi\/wp-json\/wp\/v2\/media?parent=4698"}],"wp:term":[{"taxonomy":"category","embeddable":true,"href":"https:\/\/blogsaverroes.juntadeandalucia.es\/iesalfonsoxi\/wp-json\/wp\/v2\/categories?post=4698"},{"taxonomy":"post_tag","embeddable":true,"href":"https:\/\/blogsaverroes.juntadeandalucia.es\/iesalfonsoxi\/wp-json\/wp\/v2\/tags?post=4698"}],"curies":[{"name":"wp","href":"https:\/\/api.w.org\/{rel}","templated":true}]}}