{"id":5302,"date":"2019-04-01T11:28:06","date_gmt":"2019-04-01T11:28:06","guid":{"rendered":"https:\/\/blogsaverroes.juntadeandalucia.es\/iesalfonsoxi\/?p=5302"},"modified":"2019-04-01T12:12:12","modified_gmt":"2019-04-01T12:12:12","slug":"formacion-en-europam-fct-erasmus","status":"publish","type":"post","link":"https:\/\/blogsaverroes.juntadeandalucia.es\/iesalfonsoxi\/2019\/04\/01\/formacion-en-europam-fct-erasmus\/","title":{"rendered":"Formaci\u00f3n en Europa FCT Erasmus+"},"content":{"rendered":"<p><a href=\"https:\/\/blogsaverroes.juntadeandalucia.es\/iesalfonsoxi\/files\/2019\/04\/erasmus19.jpeg\"><img decoding=\"async\" class=\"wp-image-5303 alignleft\" src=\"https:\/\/blogsaverroes.juntadeandalucia.es\/iesalfonsoxi\/files\/2019\/04\/erasmus19.jpeg\" alt=\"\" width=\"138\" height=\"185\" srcset=\"https:\/\/blogsaverroes.juntadeandalucia.es\/iesalfonsoxi\/files\/2019\/04\/erasmus19.jpeg 1200w, https:\/\/blogsaverroes.juntadeandalucia.es\/iesalfonsoxi\/files\/2019\/04\/erasmus19-225x300.jpeg 225w, https:\/\/blogsaverroes.juntadeandalucia.es\/iesalfonsoxi\/files\/2019\/04\/erasmus19-768x1024.jpeg 768w, https:\/\/blogsaverroes.juntadeandalucia.es\/iesalfonsoxi\/files\/2019\/04\/erasmus19-18x24.jpeg 18w, https:\/\/blogsaverroes.juntadeandalucia.es\/iesalfonsoxi\/files\/2019\/04\/erasmus19-27x36.jpeg 27w, https:\/\/blogsaverroes.juntadeandalucia.es\/iesalfonsoxi\/files\/2019\/04\/erasmus19-36x48.jpeg 36w\" sizes=\"(max-width: 138px) 100vw, 138px\" \/><\/a>Nuestro alumnado de 2\u00ba curso de <strong><span style=\"color: #993366\">Sistemas Microinform\u00e1ticos y Redes<\/span><\/strong> (SMR) ya se ha incorporado a sus respectivas pr\u00e1cticas en empresas <strong><span style=\"color: #993366\">FCT<\/span><\/strong> en <strong><span style=\"color: #993366\">Italia y Portugal.<\/span><\/strong><\/p>\n<p>All\u00ed estar\u00e1n durante los pr\u00f3ximos tres meses disfrutando y adquiriendo enriquecedoras experiencias.<\/p>\n<p>\u00a1Os deseamos una buena estancia!<\/p>\n","protected":false},"excerpt":{"rendered":"<p>Nuestro alumnado de 2\u00ba curso de Sistemas Microinform\u00e1ticos y Redes (SMR) ya se ha incorporado a sus respectivas pr\u00e1cticas en empresas FCT en Italia y Portugal. All\u00ed estar\u00e1n durante los pr\u00f3ximos tres meses disfrutando y adquiriendo enriquecedoras experiencias. \u00a1Os deseamos una buena estancia!<\/p>\n","protected":false},"author":6379,"featured_media":5303,"comment_status":"open","ping_status":"open","sticky":false,"template":"","format":"standard","meta":{"ngg_post_thumbnail":0,"footnotes":""},"categories":[784,21040,1984,846,19,33096],"tags":[1586596,1984],"aioseo_notices":[],"_links":{"self":[{"href":"https:\/\/blogsaverroes.juntadeandalucia.es\/iesalfonsoxi\/wp-json\/wp\/v2\/posts\/5302"}],"collection":[{"href":"https:\/\/blogsaverroes.juntadeandalucia.es\/iesalfonsoxi\/wp-json\/wp\/v2\/posts"}],"about":[{"href":"https:\/\/blogsaverroes.juntadeandalucia.es\/iesalfonsoxi\/wp-json\/wp\/v2\/types\/post"}],"author":[{"embeddable":true,"href":"https:\/\/blogsaverroes.juntadeandalucia.es\/iesalfonsoxi\/wp-json\/wp\/v2\/users\/6379"}],"replies":[{"embeddable":true,"href":"https:\/\/blogsaverroes.juntadeandalucia.es\/iesalfonsoxi\/wp-json\/wp\/v2\/comments?post=5302"}],"version-history":[{"count":5,"href":"https:\/\/blogsaverroes.juntadeandalucia.es\/iesalfonsoxi\/wp-json\/wp\/v2\/posts\/5302\/revisions"}],"predecessor-version":[{"id":5308,"href":"https:\/\/blogsaverroes.juntadeandalucia.es\/iesalfonsoxi\/wp-json\/wp\/v2\/posts\/5302\/revisions\/5308"}],"wp:featuredmedia":[{"embeddable":true,"href":"https:\/\/blogsaverroes.juntadeandalucia.es\/iesalfonsoxi\/wp-json\/wp\/v2\/media\/5303"}],"wp:attachment":[{"href":"https:\/\/blogsaverroes.juntadeandalucia.es\/iesalfonsoxi\/wp-json\/wp\/v2\/media?parent=5302"}],"wp:term":[{"taxonomy":"category","embeddable":true,"href":"https:\/\/blogsaverroes.juntadeandalucia.es\/iesalfonsoxi\/wp-json\/wp\/v2\/categories?post=5302"},{"taxonomy":"post_tag","embeddable":true,"href":"https:\/\/blogsaverroes.juntadeandalucia.es\/iesalfonsoxi\/wp-json\/wp\/v2\/tags?post=5302"}],"curies":[{"name":"wp","href":"https:\/\/api.w.org\/{rel}","templated":true}]}}