{"id":5484,"date":"2019-04-23T12:02:01","date_gmt":"2019-04-23T12:02:01","guid":{"rendered":"https:\/\/blogsaverroes.juntadeandalucia.es\/iesalfonsoxi\/?p=5484"},"modified":"2019-04-23T12:02:01","modified_gmt":"2019-04-23T12:02:01","slug":"enhorabuena-a-nuestra-alumna-maria-lopez-machuca","status":"publish","type":"post","link":"https:\/\/blogsaverroes.juntadeandalucia.es\/iesalfonsoxi\/2019\/04\/23\/enhorabuena-a-nuestra-alumna-maria-lopez-machuca\/","title":{"rendered":"\u00a1Enhorabuena a nuestra alumna Mar\u00eda L\u00f3pez Machuca!"},"content":{"rendered":"<p style=\"text-align: justify\"><a href=\"https:\/\/blogsaverroes.juntadeandalucia.es\/iesalfonsoxi\/files\/2019\/04\/Maria-Machuca.jpg\"><img decoding=\"async\" class=\" wp-image-5487 alignleft\" src=\"https:\/\/blogsaverroes.juntadeandalucia.es\/iesalfonsoxi\/files\/2019\/04\/Maria-Machuca-148x300.jpg\" alt=\"\" width=\"104\" height=\"211\" srcset=\"https:\/\/blogsaverroes.juntadeandalucia.es\/iesalfonsoxi\/files\/2019\/04\/Maria-Machuca-148x300.jpg 148w, https:\/\/blogsaverroes.juntadeandalucia.es\/iesalfonsoxi\/files\/2019\/04\/Maria-Machuca-12x24.jpg 12w, https:\/\/blogsaverroes.juntadeandalucia.es\/iesalfonsoxi\/files\/2019\/04\/Maria-Machuca-18x36.jpg 18w, https:\/\/blogsaverroes.juntadeandalucia.es\/iesalfonsoxi\/files\/2019\/04\/Maria-Machuca-24x48.jpg 24w, https:\/\/blogsaverroes.juntadeandalucia.es\/iesalfonsoxi\/files\/2019\/04\/Maria-Machuca.jpg 171w\" sizes=\"(max-width: 104px) 100vw, 104px\" \/><\/a>Nuestra alumna de segundo de bachillerato, <strong><span style=\"color: #993366\">Mar\u00eda L\u00f3pez Machuca<\/span><\/strong>, fue elegida entre los 50 estudiantes m\u00e1s brillantes de Espa\u00f1a en la XIV edici\u00f3n del <a href=\"https:\/\/www.becaseuropa.es\/\"><span style=\"color: #993366\">Programa Becas Europa de la Universidad Francisco de Vitoria y el Banco Santander<\/span><\/a>. Se trata de la selecci\u00f3n final de entre m\u00e1s de 25.000 candidatos de Bachillerato de 4.000 colegios de toda Espa\u00f1a, que contaban con una nota media de 9,80. Entre los ganadores, un 58% (29) son mujeres y sus procedencias est\u00e1n muy repartidas por toda la geograf\u00eda espa\u00f1ola.<\/p>\n<p>Desde aqu\u00ed, le damos la enhorabuena a&nbsp; Mar\u00eda L\u00f3pez y a su familia, nuestro centro se siente muy orgulloso de contar con alumnas tan estupendas como t\u00fa.<\/p>\n<p><a href=\"http:\/\/www.diariojaen.es\/jaen\/dos-jiennenses-entre-los-50-estudiantes-mas-brillantes-MC5444806\">VER<\/a><\/p>\n","protected":false},"excerpt":{"rendered":"<p>Nuestra alumna de segundo de bachillerato, Mar\u00eda L\u00f3pez Machuca, fue elegida entre los 50 estudiantes m\u00e1s brillantes de Espa\u00f1a en la XIV edici\u00f3n del Programa Becas Europa de la Universidad Francisco de Vitoria y el Banco Santander<\/p>\n","protected":false},"author":6379,"featured_media":5487,"comment_status":"open","ping_status":"open","sticky":false,"template":"","format":"standard","meta":{"ngg_post_thumbnail":0,"footnotes":""},"categories":[5991,33,784,1508346,13473,19],"tags":[3910,52],"aioseo_notices":[],"_links":{"self":[{"href":"https:\/\/blogsaverroes.juntadeandalucia.es\/iesalfonsoxi\/wp-json\/wp\/v2\/posts\/5484"}],"collection":[{"href":"https:\/\/blogsaverroes.juntadeandalucia.es\/iesalfonsoxi\/wp-json\/wp\/v2\/posts"}],"about":[{"href":"https:\/\/blogsaverroes.juntadeandalucia.es\/iesalfonsoxi\/wp-json\/wp\/v2\/types\/post"}],"author":[{"embeddable":true,"href":"https:\/\/blogsaverroes.juntadeandalucia.es\/iesalfonsoxi\/wp-json\/wp\/v2\/users\/6379"}],"replies":[{"embeddable":true,"href":"https:\/\/blogsaverroes.juntadeandalucia.es\/iesalfonsoxi\/wp-json\/wp\/v2\/comments?post=5484"}],"version-history":[{"count":2,"href":"https:\/\/blogsaverroes.juntadeandalucia.es\/iesalfonsoxi\/wp-json\/wp\/v2\/posts\/5484\/revisions"}],"predecessor-version":[{"id":5489,"href":"https:\/\/blogsaverroes.juntadeandalucia.es\/iesalfonsoxi\/wp-json\/wp\/v2\/posts\/5484\/revisions\/5489"}],"wp:featuredmedia":[{"embeddable":true,"href":"https:\/\/blogsaverroes.juntadeandalucia.es\/iesalfonsoxi\/wp-json\/wp\/v2\/media\/5487"}],"wp:attachment":[{"href":"https:\/\/blogsaverroes.juntadeandalucia.es\/iesalfonsoxi\/wp-json\/wp\/v2\/media?parent=5484"}],"wp:term":[{"taxonomy":"category","embeddable":true,"href":"https:\/\/blogsaverroes.juntadeandalucia.es\/iesalfonsoxi\/wp-json\/wp\/v2\/categories?post=5484"},{"taxonomy":"post_tag","embeddable":true,"href":"https:\/\/blogsaverroes.juntadeandalucia.es\/iesalfonsoxi\/wp-json\/wp\/v2\/tags?post=5484"}],"curies":[{"name":"wp","href":"https:\/\/api.w.org\/{rel}","templated":true}]}}