{"id":5697,"date":"2019-04-30T09:30:27","date_gmt":"2019-04-30T09:30:27","guid":{"rendered":"https:\/\/blogsaverroes.juntadeandalucia.es\/iesalfonsoxi\/?p=5697"},"modified":"2019-04-30T09:32:52","modified_gmt":"2019-04-30T09:32:52","slug":"viaje-a-merida-emerita-augusta","status":"publish","type":"post","link":"https:\/\/blogsaverroes.juntadeandalucia.es\/iesalfonsoxi\/2019\/04\/30\/viaje-a-merida-emerita-augusta\/","title":{"rendered":"Viaje a M\u00e9rida \u00abEm\u00e9rita Augusta\u00bb"},"content":{"rendered":"<div style=\"text-align: justify\">Viaje organizado por el Departamento de Cultura Cl\u00e1sica junto con el Departamento de Historia a la ciudad de M\u00e9rida (Extremadura) para alumnos de 4\u00ba ESO y 1\u00baBachillerato. Durante la jornada (16\/04\/2019) han visitado el Conjunto Arqueol\u00f3gico del Anfiteatro y Teatro Romanos, el Foro Imperial, la Templo de Diana, el Arco de Trajano, el Museo Nacional de Arte Romano y finalmente el Acueducto de los Milagros. Aunque la distancia desde nuestra localidad hasta M\u00e9rida (la&nbsp;<i>Emerita Augusta<\/i>&nbsp;de los romanos, capital de la Provincia Lusitania) es grande, el viaje les ha merecido la pena: han comprobado in situ el explendor de los monumentos romanos, han paseado por sus calles m\u00e1s emblem\u00e1ticas, han aprendido mucho c\u00f3mo era el arte de los grandes edificios p\u00fablicos pero tambi\u00e9n c\u00f3mo eran los objetos cotidianos que se pod\u00edan encontrar en las casa romanas, les ha sorprendido con la majestuosidad de un arco de triunfo y de un acueducto romano (uno de los varios que proporcionaban agua potable a esta poblaci\u00f3n de \u00e9poca imperial.) En fin, como dec\u00eda S\u00e9neca:&nbsp;<i>Aliquando vectatio iterque et mutada regio&nbsp;vigorem dabunt.<\/i><\/div>\n<div>Gracias a los alumnos que han participado en la actividad.<\/div>\n<div>\nngg_shortcode_0_placeholder\n<\/div>\n","protected":false},"excerpt":{"rendered":"<p>Viaje organizado por el Departamento de Cultura Cl\u00e1sica junto con el Departamento de Historia a la ciudad de M\u00e9rida (Extremadura) para alumnos de 4\u00ba ESO y 1\u00baBachillerato.<\/p>\n","protected":false},"author":6379,"featured_media":5717,"comment_status":"open","ping_status":"open","sticky":false,"template":"","format":"standard","meta":{"ngg_post_thumbnail":0,"footnotes":""},"categories":[33,25513,13473,25503,19],"tags":[26143],"aioseo_notices":[],"_links":{"self":[{"href":"https:\/\/blogsaverroes.juntadeandalucia.es\/iesalfonsoxi\/wp-json\/wp\/v2\/posts\/5697"}],"collection":[{"href":"https:\/\/blogsaverroes.juntadeandalucia.es\/iesalfonsoxi\/wp-json\/wp\/v2\/posts"}],"about":[{"href":"https:\/\/blogsaverroes.juntadeandalucia.es\/iesalfonsoxi\/wp-json\/wp\/v2\/types\/post"}],"author":[{"embeddable":true,"href":"https:\/\/blogsaverroes.juntadeandalucia.es\/iesalfonsoxi\/wp-json\/wp\/v2\/users\/6379"}],"replies":[{"embeddable":true,"href":"https:\/\/blogsaverroes.juntadeandalucia.es\/iesalfonsoxi\/wp-json\/wp\/v2\/comments?post=5697"}],"version-history":[{"count":5,"href":"https:\/\/blogsaverroes.juntadeandalucia.es\/iesalfonsoxi\/wp-json\/wp\/v2\/posts\/5697\/revisions"}],"predecessor-version":[{"id":5719,"href":"https:\/\/blogsaverroes.juntadeandalucia.es\/iesalfonsoxi\/wp-json\/wp\/v2\/posts\/5697\/revisions\/5719"}],"wp:featuredmedia":[{"embeddable":true,"href":"https:\/\/blogsaverroes.juntadeandalucia.es\/iesalfonsoxi\/wp-json\/wp\/v2\/media\/5717"}],"wp:attachment":[{"href":"https:\/\/blogsaverroes.juntadeandalucia.es\/iesalfonsoxi\/wp-json\/wp\/v2\/media?parent=5697"}],"wp:term":[{"taxonomy":"category","embeddable":true,"href":"https:\/\/blogsaverroes.juntadeandalucia.es\/iesalfonsoxi\/wp-json\/wp\/v2\/categories?post=5697"},{"taxonomy":"post_tag","embeddable":true,"href":"https:\/\/blogsaverroes.juntadeandalucia.es\/iesalfonsoxi\/wp-json\/wp\/v2\/tags?post=5697"}],"curies":[{"name":"wp","href":"https:\/\/api.w.org\/{rel}","templated":true}]}}