{"id":7883,"date":"2020-02-22T20:10:47","date_gmt":"2020-02-22T20:10:47","guid":{"rendered":"https:\/\/blogsaverroes.juntadeandalucia.es\/iesalfonsoxi\/?p=7883"},"modified":"2020-02-22T20:14:05","modified_gmt":"2020-02-22T20:14:05","slug":"viii-minigymkhana-matematica-ies-alfonso-xi","status":"publish","type":"post","link":"https:\/\/blogsaverroes.juntadeandalucia.es\/iesalfonsoxi\/2020\/02\/22\/viii-minigymkhana-matematica-ies-alfonso-xi\/","title":{"rendered":"VIII Minigymkhana matem\u00e1tica IES Alfonso XI."},"content":{"rendered":"<p style=\"text-align: justify\"><a href=\"https:\/\/blogsaverroes.juntadeandalucia.es\/iesalfonsoxi\/files\/2020\/02\/WhatsApp-Image-2020-02-21-at-13.35.18-1-1.jpeg\"><img decoding=\"async\" class=\"wp-image-7884 alignleft\" src=\"https:\/\/blogsaverroes.juntadeandalucia.es\/iesalfonsoxi\/files\/2020\/02\/WhatsApp-Image-2020-02-21-at-13.35.18-1-1.jpeg\" alt=\"\" width=\"258\" height=\"122\" srcset=\"https:\/\/blogsaverroes.juntadeandalucia.es\/iesalfonsoxi\/files\/2020\/02\/WhatsApp-Image-2020-02-21-at-13.35.18-1-1.jpeg 1600w, https:\/\/blogsaverroes.juntadeandalucia.es\/iesalfonsoxi\/files\/2020\/02\/WhatsApp-Image-2020-02-21-at-13.35.18-1-1-300x142.jpeg 300w, https:\/\/blogsaverroes.juntadeandalucia.es\/iesalfonsoxi\/files\/2020\/02\/WhatsApp-Image-2020-02-21-at-13.35.18-1-1-768x363.jpeg 768w, https:\/\/blogsaverroes.juntadeandalucia.es\/iesalfonsoxi\/files\/2020\/02\/WhatsApp-Image-2020-02-21-at-13.35.18-1-1-1024x484.jpeg 1024w, https:\/\/blogsaverroes.juntadeandalucia.es\/iesalfonsoxi\/files\/2020\/02\/WhatsApp-Image-2020-02-21-at-13.35.18-1-1-640x300.jpeg 640w, https:\/\/blogsaverroes.juntadeandalucia.es\/iesalfonsoxi\/files\/2020\/02\/WhatsApp-Image-2020-02-21-at-13.35.18-1-1-24x11.jpeg 24w, https:\/\/blogsaverroes.juntadeandalucia.es\/iesalfonsoxi\/files\/2020\/02\/WhatsApp-Image-2020-02-21-at-13.35.18-1-1-36x17.jpeg 36w, https:\/\/blogsaverroes.juntadeandalucia.es\/iesalfonsoxi\/files\/2020\/02\/WhatsApp-Image-2020-02-21-at-13.35.18-1-1-48x23.jpeg 48w\" sizes=\"(max-width: 258px) 100vw, 258px\" \/><\/a><\/p>\n<p style=\"text-align: justify\">Ayer viernes 21 de Febrero tuvo lugar la VIII <strong><span style=\"color: #993366\">minigymkhana matem\u00e1tica IES Alfonso XI<\/span><\/strong> con la participaci\u00f3n del alumnado de 6\u00ba de Primaria y 1\u00ba de ESO, repartidos en <strong><span style=\"color: #993366\">51 equipos<\/span><\/strong> de 5 componentes cada uno de los siguientes centros educativos:<\/p>\n<ul>\n<li><strong><span style=\"color: #993366\">CPR Valle de San Juan<\/span><\/strong><\/li>\n<li><strong><span style=\"color: #993366\">CPR El Olivo<\/span><\/strong><\/li>\n<li><strong><span style=\"color: #993366\">CPR Sierra Sur<\/span><\/strong><\/li>\n<li style=\"text-align: justify\"><strong><span style=\"color: #993366\">CEIP Alonso de Alcal\u00e1<\/span><\/strong><\/li>\n<li style=\"text-align: justify\"><strong><span style=\"color: #993366\">CEIP Jos\u00e9 Garnica<\/span><\/strong><\/li>\n<\/ul>\n<div style=\"text-align: justify\">As\u00ed mismo, contamos con la presencia de <strong><span style=\"color: #993366\">padres\/madres de los alumnos\/as<\/span><\/strong> que por un d\u00eda volvieron a asistir a clase de matem\u00e1ticas y comprobaron que lo que estudian sus hijos\/as no es tan f\u00e1cil como ellos piensan y\/o recuerdan.&nbsp;<\/div>\n<div style=\"text-align: justify\">En fin, una magn\u00edfica jornada de convivencia entorno a las matem\u00e1ticas que recorre tres centros educativos (CEIP Jos\u00e9 Garnica, IES Alfonso XI y CEIP Alonso de Alcal\u00e1) y que sirve a su vez para facilitar el tr\u00e1nsito de alumnado desde los \u00abcoles\u00bb al \u00abinsti\u00bb y tambi\u00e9n rememorar viejos tiempos cuando el alumnado de 1\u00ba de ESO vuelve a sus antiguos coles.&nbsp;<\/div>\n<div>&nbsp;<\/div>\n<div>Os dejamos en los siguientes enlaces algunos detalles del d\u00eda:<\/div>\n<div>\n<ul>\n<li>Ganadores:&nbsp;\n<ul>\n<li><b>Ganador absoluto<\/b>: Equipo 39. \u00abEl Olivo1\u00bb del CPR El Olivo<\/li>\n<li><b>Mejor equipo CEIP Alonso de Alcal\u00e1<\/b>: Equipo 23 \u00abMaths Team\u00bb<\/li>\n<li><b>Mejor equipo CEIP Jos\u00e9 Garnica<\/b>. Equipo 44 \u00abNewtons\u00bb<\/li>\n<li><b>Mejor equipo IES Alfonso XI<\/b>. Equipo 5. \u00abPipe&#8217;s team\u00bb<\/li>\n<\/ul>\n<\/li>\n<\/ul>\n<ul>\n<li>Acrtividades del d\u00eda: &#8230;En breve&#8230;<\/li>\n<\/ul>\n<\/div>\n<p style=\"text-align: center\"><a href=\"http:\/\/alfonso11mates.blogspot.com\/2020\/02\/viii-minigymkhana-matematica-ies.html\">M\u00e1s informaci\u00f3n en: Blog Dept Matem\u00e1ticas<\/a><\/p>\n<p>&nbsp;<\/p>\n","protected":false},"excerpt":{"rendered":"<p>Ayer viernes 21 de Febrero tuvo lugar la VIII minigymkhana matem\u00e1tica IES Alfonso XI con la participaci\u00f3n del alumnado de 6\u00ba de Primaria y 1\u00ba de ESO, repartidos en 51 equipos de 5 componentes cada uno de los siguientes centros educativos:<\/p>\n","protected":false},"author":6379,"featured_media":7860,"comment_status":"open","ping_status":"open","sticky":false,"template":"","format":"standard","meta":{"ngg_post_thumbnail":0,"footnotes":""},"categories":[25506],"tags":[2201],"aioseo_notices":[],"_links":{"self":[{"href":"https:\/\/blogsaverroes.juntadeandalucia.es\/iesalfonsoxi\/wp-json\/wp\/v2\/posts\/7883"}],"collection":[{"href":"https:\/\/blogsaverroes.juntadeandalucia.es\/iesalfonsoxi\/wp-json\/wp\/v2\/posts"}],"about":[{"href":"https:\/\/blogsaverroes.juntadeandalucia.es\/iesalfonsoxi\/wp-json\/wp\/v2\/types\/post"}],"author":[{"embeddable":true,"href":"https:\/\/blogsaverroes.juntadeandalucia.es\/iesalfonsoxi\/wp-json\/wp\/v2\/users\/6379"}],"replies":[{"embeddable":true,"href":"https:\/\/blogsaverroes.juntadeandalucia.es\/iesalfonsoxi\/wp-json\/wp\/v2\/comments?post=7883"}],"version-history":[{"count":5,"href":"https:\/\/blogsaverroes.juntadeandalucia.es\/iesalfonsoxi\/wp-json\/wp\/v2\/posts\/7883\/revisions"}],"predecessor-version":[{"id":7889,"href":"https:\/\/blogsaverroes.juntadeandalucia.es\/iesalfonsoxi\/wp-json\/wp\/v2\/posts\/7883\/revisions\/7889"}],"wp:featuredmedia":[{"embeddable":true,"href":"https:\/\/blogsaverroes.juntadeandalucia.es\/iesalfonsoxi\/wp-json\/wp\/v2\/media\/7860"}],"wp:attachment":[{"href":"https:\/\/blogsaverroes.juntadeandalucia.es\/iesalfonsoxi\/wp-json\/wp\/v2\/media?parent=7883"}],"wp:term":[{"taxonomy":"category","embeddable":true,"href":"https:\/\/blogsaverroes.juntadeandalucia.es\/iesalfonsoxi\/wp-json\/wp\/v2\/categories?post=7883"},{"taxonomy":"post_tag","embeddable":true,"href":"https:\/\/blogsaverroes.juntadeandalucia.es\/iesalfonsoxi\/wp-json\/wp\/v2\/tags?post=7883"}],"curies":[{"name":"wp","href":"https:\/\/api.w.org\/{rel}","templated":true}]}}