{"id":10382,"date":"2024-02-07T12:55:02","date_gmt":"2024-02-07T11:55:02","guid":{"rendered":"https:\/\/blogsaverroes.juntadeandalucia.es\/iesalhadra\/?p=10382"},"modified":"2024-07-04T09:26:25","modified_gmt":"2024-07-04T08:26:25","slug":"feria-intercultural-2-024","status":"publish","type":"post","link":"https:\/\/blogsaverroes.juntadeandalucia.es\/iesalhadra\/feria-intercultural-2-024\/","title":{"rendered":"IV Feria Intercultural 2024"},"content":{"rendered":"<p>[et_pb_section fb_built=&#8221;1&#8243; _builder_version=&#8221;4.16&#8243; _module_preset=&#8221;default&#8221; global_colors_info=&#8221;{}&#8221;][et_pb_row _builder_version=&#8221;4.16&#8243; _module_preset=&#8221;default&#8221; global_colors_info=&#8221;{}&#8221;][et_pb_column type=&#8221;4_4&#8243; _builder_version=&#8221;4.16&#8243; _module_preset=&#8221;default&#8221; global_colors_info=&#8221;{}&#8221;][et_pb_text _builder_version=&#8221;4.24.2&#8243; _module_preset=&#8221;default&#8221; global_colors_info=&#8221;{}&#8221;]<\/p>\n<p>En relaci\u00f3n a la Circular de la Viceconsejer\u00eda de Desarrollo Educativo y FP, para el impulso de las actuaciones en los centros docentes andaluces relativas al d\u00eda escolar de la No Violencia y la Paz, el IES Alhadra conmemora esta efem\u00e9ride organizando la IV Feria Intercultural como espacio de convivencia y enriquecimiento cultural donde pueden verse identificados todos los miembros de nuestra comunidad educativa.<\/p>\n<p>La IV Feria Intercultural se celebr\u00f3 el d\u00eda 30 de enero de 2.024.<\/p>\n<h2><a href=\"https:\/\/blogsaverroes.juntadeandalucia.es\/iesalhadra\/files\/2024\/02\/Feria-Intercultural-2024.pdf\"><br \/><span style=\"text-decoration: underline\"><span style=\"color: #0000ff;text-decoration: underline\">Folleto informativo<\/span><\/span><\/a><\/h2>\n<h2><a href=\"https:\/\/drive.google.com\/file\/d\/1aRlXWJtG-U36_UGaPXvsWpKL0JpSJwhS\/view?usp=sharing\"><span style=\"text-decoration: underline\"><span style=\"color: #0000ff;text-decoration: underline\">Video de los pa\u00edses participantes<\/span><\/span><\/a><\/h2>\n<p>[\/et_pb_text][et_pb_video src=&#8221;https:\/\/blogsaverroes.juntadeandalucia.es\/iesalhadra\/files\/2024\/02\/Video-Feria.mp4&#8243; _builder_version=&#8221;4.16&#8243; _module_preset=&#8221;default&#8221; global_colors_info=&#8221;{}&#8221;][\/et_pb_video][\/et_pb_column][\/et_pb_row][\/et_pb_section]<\/p>\n","protected":false},"excerpt":{"rendered":"<p>En relaci\u00f3n a la Circular de la Viceconsejer\u00eda de Desarrollo Educativo y FP, para el impulso de las actuaciones en los centros docentes andaluces relativas al d\u00eda escolar de la No Violencia y la Paz, el IES Alhadra conmemora esta efem\u00e9ride organizando la IV Feria Intercultural como espacio de convivencia y enriquecimiento cultural donde pueden [&hellip;]<\/p>\n","protected":false},"author":18450,"featured_media":10385,"comment_status":"closed","ping_status":"open","sticky":false,"template":"","format":"standard","meta":{"_et_pb_use_builder":"on","_et_pb_old_content":"","_et_gb_content_width":"","ngg_post_thumbnail":0,"footnotes":""},"categories":[48,116,115,23,71],"tags":[],"aioseo_notices":[],"_links":{"self":[{"href":"https:\/\/blogsaverroes.juntadeandalucia.es\/iesalhadra\/wp-json\/wp\/v2\/posts\/10382"}],"collection":[{"href":"https:\/\/blogsaverroes.juntadeandalucia.es\/iesalhadra\/wp-json\/wp\/v2\/posts"}],"about":[{"href":"https:\/\/blogsaverroes.juntadeandalucia.es\/iesalhadra\/wp-json\/wp\/v2\/types\/post"}],"author":[{"embeddable":true,"href":"https:\/\/blogsaverroes.juntadeandalucia.es\/iesalhadra\/wp-json\/wp\/v2\/users\/18450"}],"replies":[{"embeddable":true,"href":"https:\/\/blogsaverroes.juntadeandalucia.es\/iesalhadra\/wp-json\/wp\/v2\/comments?post=10382"}],"version-history":[{"count":11,"href":"https:\/\/blogsaverroes.juntadeandalucia.es\/iesalhadra\/wp-json\/wp\/v2\/posts\/10382\/revisions"}],"predecessor-version":[{"id":12934,"href":"https:\/\/blogsaverroes.juntadeandalucia.es\/iesalhadra\/wp-json\/wp\/v2\/posts\/10382\/revisions\/12934"}],"wp:featuredmedia":[{"embeddable":true,"href":"https:\/\/blogsaverroes.juntadeandalucia.es\/iesalhadra\/wp-json\/wp\/v2\/media\/10385"}],"wp:attachment":[{"href":"https:\/\/blogsaverroes.juntadeandalucia.es\/iesalhadra\/wp-json\/wp\/v2\/media?parent=10382"}],"wp:term":[{"taxonomy":"category","embeddable":true,"href":"https:\/\/blogsaverroes.juntadeandalucia.es\/iesalhadra\/wp-json\/wp\/v2\/categories?post=10382"},{"taxonomy":"post_tag","embeddable":true,"href":"https:\/\/blogsaverroes.juntadeandalucia.es\/iesalhadra\/wp-json\/wp\/v2\/tags?post=10382"}],"curies":[{"name":"wp","href":"https:\/\/api.w.org\/{rel}","templated":true}]}}