{"id":13273,"date":"2024-11-18T11:37:38","date_gmt":"2024-11-18T10:37:38","guid":{"rendered":"https:\/\/blogsaverroes.juntadeandalucia.es\/iesalhadra\/?p=13273"},"modified":"2025-06-20T11:25:40","modified_gmt":"2025-06-20T10:25:40","slug":"talleres-sae","status":"publish","type":"post","link":"https:\/\/blogsaverroes.juntadeandalucia.es\/iesalhadra\/talleres-sae\/","title":{"rendered":"Talleres SAE"},"content":{"rendered":"<p>[et_pb_section fb_built=&#8221;1&#8243; admin_label=&#8221;section&#8221; _builder_version=&#8221;4.16&#8243; global_colors_info=&#8221;{}&#8221;][et_pb_row admin_label=&#8221;row&#8221; _builder_version=&#8221;4.16&#8243; background_size=&#8221;initial&#8221; background_position=&#8221;top_left&#8221; background_repeat=&#8221;repeat&#8221; global_colors_info=&#8221;{}&#8221;][et_pb_column type=&#8221;4_4&#8243; _builder_version=&#8221;4.16&#8243; custom_padding=&#8221;|||&#8221; global_colors_info=&#8221;{}&#8221; custom_padding__hover=&#8221;|||&#8221;][et_pb_text _builder_version=&#8221;4.24.2&#8243; _module_preset=&#8221;default&#8221; global_colors_info=&#8221;{}&#8221;]<\/p>\n<p>El SAE ha concluido en el turno de ma\u00f1ana los talleres de diagn\u00f3stico realizados con los grupos de 2\u00ba de los Ciclos Formativos. Durante las sesiones del 14 de noviembre de 2024, este taller se llev\u00f3 a cabo con el alumnado de 2\u00ba de Est\u00e9tica y Belleza y 2\u00ba de Educaci\u00f3n Infantil.<\/p>\n<p>En el segundo trimestre se continuar\u00e1 impartiendo talleres espec\u00edficos con el prop\u00f3sito de potenciar las competencias de empleabilidad de nuestro alumnado. Agradecemos a los compa\u00f1eros que han cedido sus horas para facilitar la realizaci\u00f3n de esta actividad.<\/p>\n<p>[\/et_pb_text][et_pb_gallery gallery_ids=&#8221;13277,13278,13279,13280,13281&#8243; posts_number=&#8221;5&#8243; show_title_and_caption=&#8221;off&#8221; show_pagination=&#8221;off&#8221; _builder_version=&#8221;4.24.2&#8243; _module_preset=&#8221;default&#8221; global_colors_info=&#8221;{}&#8221;][\/et_pb_gallery][\/et_pb_column][\/et_pb_row][\/et_pb_section]<\/p>\n","protected":false},"excerpt":{"rendered":"<p>El SAE ha concluido en el turno de ma\u00f1ana los talleres de diagn\u00f3stico realizados con los grupos de 2\u00ba de los Ciclos Formativos. Durante las sesiones del 14 de noviembre de 2024, este taller se llev\u00f3 a cabo con el alumnado de 2\u00ba de Est\u00e9tica y Belleza y 2\u00ba de Educaci\u00f3n Infantil. En el segundo [&hellip;]<\/p>\n","protected":false},"author":11159,"featured_media":13286,"comment_status":"closed","ping_status":"open","sticky":false,"template":"","format":"standard","meta":{"_et_pb_use_builder":"on","_et_pb_old_content":"","_et_gb_content_width":"","ngg_post_thumbnail":0,"footnotes":""},"categories":[120,114,92,136,44,134],"tags":[],"aioseo_notices":[],"_links":{"self":[{"href":"https:\/\/blogsaverroes.juntadeandalucia.es\/iesalhadra\/wp-json\/wp\/v2\/posts\/13273"}],"collection":[{"href":"https:\/\/blogsaverroes.juntadeandalucia.es\/iesalhadra\/wp-json\/wp\/v2\/posts"}],"about":[{"href":"https:\/\/blogsaverroes.juntadeandalucia.es\/iesalhadra\/wp-json\/wp\/v2\/types\/post"}],"author":[{"embeddable":true,"href":"https:\/\/blogsaverroes.juntadeandalucia.es\/iesalhadra\/wp-json\/wp\/v2\/users\/11159"}],"replies":[{"embeddable":true,"href":"https:\/\/blogsaverroes.juntadeandalucia.es\/iesalhadra\/wp-json\/wp\/v2\/comments?post=13273"}],"version-history":[{"count":3,"href":"https:\/\/blogsaverroes.juntadeandalucia.es\/iesalhadra\/wp-json\/wp\/v2\/posts\/13273\/revisions"}],"predecessor-version":[{"id":13284,"href":"https:\/\/blogsaverroes.juntadeandalucia.es\/iesalhadra\/wp-json\/wp\/v2\/posts\/13273\/revisions\/13284"}],"wp:featuredmedia":[{"embeddable":true,"href":"https:\/\/blogsaverroes.juntadeandalucia.es\/iesalhadra\/wp-json\/wp\/v2\/media\/13286"}],"wp:attachment":[{"href":"https:\/\/blogsaverroes.juntadeandalucia.es\/iesalhadra\/wp-json\/wp\/v2\/media?parent=13273"}],"wp:term":[{"taxonomy":"category","embeddable":true,"href":"https:\/\/blogsaverroes.juntadeandalucia.es\/iesalhadra\/wp-json\/wp\/v2\/categories?post=13273"},{"taxonomy":"post_tag","embeddable":true,"href":"https:\/\/blogsaverroes.juntadeandalucia.es\/iesalhadra\/wp-json\/wp\/v2\/tags?post=13273"}],"curies":[{"name":"wp","href":"https:\/\/api.w.org\/{rel}","templated":true}]}}