{"id":13509,"date":"2025-01-21T13:54:10","date_gmt":"2025-01-21T12:54:10","guid":{"rendered":"https:\/\/blogsaverroes.juntadeandalucia.es\/iesalhadra\/?p=13509"},"modified":"2025-06-20T11:26:51","modified_gmt":"2025-06-20T10:26:51","slug":"actividades-domesticas-y-limpieza-de-edificios","status":"publish","type":"post","link":"https:\/\/blogsaverroes.juntadeandalucia.es\/iesalhadra\/actividades-domesticas-y-limpieza-de-edificios\/","title":{"rendered":"Actividades Dom\u00e9sticas y Limpieza de Edificios"},"content":{"rendered":"<p>[et_pb_section fb_built=&#8221;1&#8243; admin_label=&#8221;section&#8221; _builder_version=&#8221;4.16&#8243; global_colors_info=&#8221;{}&#8221; theme_builder_area=&#8221;post_content&#8221;][et_pb_row admin_label=&#8221;row&#8221; _builder_version=&#8221;4.16&#8243; background_size=&#8221;initial&#8221; background_position=&#8221;top_left&#8221; background_repeat=&#8221;repeat&#8221; global_colors_info=&#8221;{}&#8221; theme_builder_area=&#8221;post_content&#8221;][et_pb_column type=&#8221;4_4&#8243; _builder_version=&#8221;4.16&#8243; custom_padding=&#8221;|||&#8221; global_colors_info=&#8221;{}&#8221; custom_padding__hover=&#8221;|||&#8221; theme_builder_area=&#8221;post_content&#8221;][et_pb_text _builder_version=&#8221;4.24.2&#8243; _module_preset=&#8221;default&#8221; hover_enabled=&#8221;0&#8243; global_colors_info=&#8221;{}&#8221; theme_builder_area=&#8221;post_content&#8221; sticky_enabled=&#8221;0&#8243;]<\/p>\n<div>\n<div>\n<div>Gracias al proyecto &#8220;Operaciones de Calidad en Formaci\u00f3n Profesional del Sistema Educativo Espa\u00f1ol &#8220;Calidad 2023&#8243;, conectividad y equipamiento&nbsp; de los nuevos grupos creados en Formaci\u00f3n Profesional&#8221;. Se ha podido dotar al ciclo de un equipamiento adaptado a las nuevas necesidades del sector productivo y actualizar materiales obsoletos o deteriorados.&nbsp;<\/div>\n<div>&nbsp;<\/div>\n<div>El equipamiento y mobiliario se ha puesto en las aulas 204 y 221 del Centro:<\/div>\n<div>&nbsp;<\/div>\n<div>Taller de actividades dom\u00e9sticas, aula 204:<br \/>&#8211; Maquinaria y equipos para secado: Secadora.<br \/>&#8211; Maquinaria y herramientas para la confecci\u00f3n de prendas de vestir y ropa de hogar: M\u00e1quina de<br \/>coser<br \/>&#8211; Aspiradoras, pulidoras, enceradoras, limpiador de vapor, fregadora el\u00e9ctrica, limpia ventanas.<br \/>&#8211; Generadores de calor: freidoras, plancha, hornos, asador, placa de inducci\u00f3n, robot de cocina.<br \/>&#8211; Peque\u00f1os electrodom\u00e9sticos: licuadoras, envasadora al vac\u00edo.<br \/>&#8211; Material neutro: carros reparto de comida.<\/p>\n<\/div>\n<div>Aula polivalente I y II: (Aula 204\/221)<br \/>&#8211; Elementos de mobiliario: mobiliario movible para trabajo en grupo e individual.<br \/>&#8211; Armario alto y estanter\u00eda Gavetero con huecos.<\/div>\n<\/div>\n<\/div>\n<div>&nbsp;<\/div>\n<p>[\/et_pb_text][et_pb_gallery gallery_ids=&#8221;13513,13514,13515,13516,13517,13518,13519,13520,13521,13522,13523,13524,13525,13526,13527,13528,13529,13530,13531,13532,13533,13534,13535,13536,13537,13538,13539,13540&#8243; posts_number=&#8221;8&#8243; show_title_and_caption=&#8221;off&#8221; show_pagination=&#8221;off&#8221; _builder_version=&#8221;4.24.2&#8243; _module_preset=&#8221;default&#8221; hover_enabled=&#8221;0&#8243; global_colors_info=&#8221;{}&#8221; theme_builder_area=&#8221;post_content&#8221; sticky_enabled=&#8221;0&#8243;][\/et_pb_gallery][\/et_pb_column][\/et_pb_row][\/et_pb_section]<\/p>\n","protected":false},"excerpt":{"rendered":"<p>Gracias al proyecto &#8220;Operaciones de Calidad en Formaci\u00f3n Profesional del Sistema Educativo Espa\u00f1ol &#8220;Calidad 2023&#8243;, conectividad y equipamiento&nbsp; de los nuevos grupos creados en Formaci\u00f3n Profesional&#8221;. Se ha podido dotar al ciclo de un equipamiento adaptado a las nuevas necesidades del sector productivo y actualizar materiales obsoletos o deteriorados.&nbsp; &nbsp; El equipamiento y mobiliario se [&hellip;]<\/p>\n","protected":false},"author":11159,"featured_media":13510,"comment_status":"closed","ping_status":"open","sticky":false,"template":"","format":"standard","meta":{"_et_pb_use_builder":"on","_et_pb_old_content":"","_et_gb_content_width":"","ngg_post_thumbnail":0,"footnotes":""},"categories":[120,61,9],"tags":[],"aioseo_notices":[],"_links":{"self":[{"href":"https:\/\/blogsaverroes.juntadeandalucia.es\/iesalhadra\/wp-json\/wp\/v2\/posts\/13509"}],"collection":[{"href":"https:\/\/blogsaverroes.juntadeandalucia.es\/iesalhadra\/wp-json\/wp\/v2\/posts"}],"about":[{"href":"https:\/\/blogsaverroes.juntadeandalucia.es\/iesalhadra\/wp-json\/wp\/v2\/types\/post"}],"author":[{"embeddable":true,"href":"https:\/\/blogsaverroes.juntadeandalucia.es\/iesalhadra\/wp-json\/wp\/v2\/users\/11159"}],"replies":[{"embeddable":true,"href":"https:\/\/blogsaverroes.juntadeandalucia.es\/iesalhadra\/wp-json\/wp\/v2\/comments?post=13509"}],"version-history":[{"count":3,"href":"https:\/\/blogsaverroes.juntadeandalucia.es\/iesalhadra\/wp-json\/wp\/v2\/posts\/13509\/revisions"}],"predecessor-version":[{"id":13543,"href":"https:\/\/blogsaverroes.juntadeandalucia.es\/iesalhadra\/wp-json\/wp\/v2\/posts\/13509\/revisions\/13543"}],"wp:featuredmedia":[{"embeddable":true,"href":"https:\/\/blogsaverroes.juntadeandalucia.es\/iesalhadra\/wp-json\/wp\/v2\/media\/13510"}],"wp:attachment":[{"href":"https:\/\/blogsaverroes.juntadeandalucia.es\/iesalhadra\/wp-json\/wp\/v2\/media?parent=13509"}],"wp:term":[{"taxonomy":"category","embeddable":true,"href":"https:\/\/blogsaverroes.juntadeandalucia.es\/iesalhadra\/wp-json\/wp\/v2\/categories?post=13509"},{"taxonomy":"post_tag","embeddable":true,"href":"https:\/\/blogsaverroes.juntadeandalucia.es\/iesalhadra\/wp-json\/wp\/v2\/tags?post=13509"}],"curies":[{"name":"wp","href":"https:\/\/api.w.org\/{rel}","templated":true}]}}