{"id":14178,"date":"2025-05-28T12:48:42","date_gmt":"2025-05-28T11:48:42","guid":{"rendered":"https:\/\/blogsaverroes.juntadeandalucia.es\/iesalhadra\/?p=14178"},"modified":"2026-03-11T13:27:22","modified_gmt":"2026-03-11T12:27:22","slug":"talleres-para-el-alumnado-mediador-formacion-en-igualdad-y-futuro","status":"publish","type":"post","link":"https:\/\/blogsaverroes.juntadeandalucia.es\/iesalhadra\/talleres-para-el-alumnado-mediador-formacion-en-igualdad-y-futuro\/","title":{"rendered":"Talleres para el Alumnado Mediador: Formaci\u00f3n en Igualdad y Futuro"},"content":{"rendered":"<p data-start=\"179\" data-end=\"404\">Durante el mes de abril, el alumnado mediador de nuestro centro ha seguido ampliando su formaci\u00f3n a trav\u00e9s de dos talleres organizados por el <strong data-start=\"321\" data-end=\"357\">Instituto Andaluz de la Juventud<\/strong>, en colaboraci\u00f3n con entidades especializadas.<\/p>\n<ul data-start=\"406\" data-end=\"929\">\n<li data-start=\"406\" data-end=\"641\">\n<p data-start=\"408\" data-end=\"641\">\ud83d\udcc5 <strong data-start=\"411\" data-end=\"426\">10 de abril<\/strong>: Participaron en el taller <strong data-start=\"454\" data-end=\"492\">&#8220;Nuevas masculinidades e igualdad&#8221;<\/strong>, un espacio de reflexi\u00f3n y aprendizaje sobre la construcci\u00f3n de relaciones igualitarias, el respeto mutuo y la superaci\u00f3n de estereotipos de g\u00e9nero.<\/p>\n<\/li>\n<li data-start=\"643\" data-end=\"929\">\n<p data-start=\"645\" data-end=\"929\">\ud83d\udcc5 <strong data-start=\"648\" data-end=\"663\">23 de abril<\/strong>: Asistieron al taller <strong data-start=\"686\" data-end=\"715\">&#8220;Emprendimiento y futuro&#8221;<\/strong>, impartido por miembros de la <strong data-start=\"746\" data-end=\"800\">Asociaci\u00f3n de J\u00f3venes Empresarios de Almer\u00eda (AJE)<\/strong>, centrado en el desarrollo de habilidades emprendedoras, la autoconfianza y la planificaci\u00f3n del futuro acad\u00e9mico y profesional.<\/p>\n<\/li>\n<\/ul>\n<p data-start=\"931\" data-end=\"1147\">Estas actividades aportan conocimientos y experiencias \u00fatiles para el desempe\u00f1o de su labor como mediadores y mediadoras, reforzando su compromiso con la convivencia positiva y la transformaci\u00f3n social desde el aula.<\/p>\n<p data-start=\"1149\" data-end=\"1351\">Desde el centro agradecemos la colaboraci\u00f3n de las entidades implicadas y seguimos apostando por la formaci\u00f3n continua de nuestro alumnado mediador como motor de cambio dentro de la comunidad educativa.<\/p>\n<p><img loading=\"lazy\" decoding=\"async\" class=\"wp-image-14180 size-large\" src=\"https:\/\/blogsaverroes.juntadeandalucia.es\/iesalhadra\/files\/2025\/05\/IMG_20250501_142949-1024x686.jpg\" alt=\"\" width=\"1024\" height=\"686\" srcset=\"https:\/\/blogsaverroes.juntadeandalucia.es\/iesalhadra\/files\/2025\/05\/IMG_20250501_142949-980x656.jpg 980w, https:\/\/blogsaverroes.juntadeandalucia.es\/iesalhadra\/files\/2025\/05\/IMG_20250501_142949-480x321.jpg 480w\" sizes=\"(min-width: 0px) and (max-width: 480px) 480px, (min-width: 481px) and (max-width: 980px) 980px, (min-width: 981px) 1024px, 100vw\" \/><\/p>\n<div id=\"attachment_14181\" style=\"width: 1034px\" class=\"wp-caption aligncenter\"><img loading=\"lazy\" decoding=\"async\" aria-describedby=\"caption-attachment-14181\" class=\"wp-image-14181 size-large\" src=\"https:\/\/blogsaverroes.juntadeandalucia.es\/iesalhadra\/files\/2025\/05\/IMG_20250501_142602-1024x560.jpg\" alt=\"\" width=\"1024\" height=\"560\" srcset=\"https:\/\/blogsaverroes.juntadeandalucia.es\/iesalhadra\/files\/2025\/05\/IMG_20250501_142602-980x536.jpg 980w, https:\/\/blogsaverroes.juntadeandalucia.es\/iesalhadra\/files\/2025\/05\/IMG_20250501_142602-480x263.jpg 480w\" sizes=\"(min-width: 0px) and (max-width: 480px) 480px, (min-width: 481px) and (max-width: 980px) 980px, (min-width: 981px) 1024px, 100vw\" \/><p id=\"caption-attachment-14181\" class=\"wp-caption-text\">&nbsp;<\/p><\/div>\n<div id=\"attachment_14182\" style=\"width: 1034px\" class=\"wp-caption aligncenter\"><img loading=\"lazy\" decoding=\"async\" aria-describedby=\"caption-attachment-14182\" class=\"wp-image-14182 size-large\" src=\"https:\/\/blogsaverroes.juntadeandalucia.es\/iesalhadra\/files\/2025\/05\/IMG_20250501_142456-1024x617.jpg\" alt=\"\" width=\"1024\" height=\"617\" srcset=\"https:\/\/blogsaverroes.juntadeandalucia.es\/iesalhadra\/files\/2025\/05\/IMG_20250501_142456-980x590.jpg 980w, https:\/\/blogsaverroes.juntadeandalucia.es\/iesalhadra\/files\/2025\/05\/IMG_20250501_142456-480x289.jpg 480w\" sizes=\"(min-width: 0px) and (max-width: 480px) 480px, (min-width: 481px) and (max-width: 980px) 980px, (min-width: 981px) 1024px, 100vw\" \/><p id=\"caption-attachment-14182\" class=\"wp-caption-text\">&nbsp;<\/p><\/div>\n<p><img loading=\"lazy\" decoding=\"async\" class=\"aligncenter wp-image-14183 size-large\" src=\"https:\/\/blogsaverroes.juntadeandalucia.es\/iesalhadra\/files\/2025\/05\/Collage_20250501_143952-1024x768.jpg\" alt=\"\" width=\"1024\" height=\"768\" srcset=\"https:\/\/blogsaverroes.juntadeandalucia.es\/iesalhadra\/files\/2025\/05\/Collage_20250501_143952-980x735.jpg 980w, https:\/\/blogsaverroes.juntadeandalucia.es\/iesalhadra\/files\/2025\/05\/Collage_20250501_143952-480x360.jpg 480w\" sizes=\"(min-width: 0px) and (max-width: 480px) 480px, (min-width: 481px) and (max-width: 980px) 980px, (min-width: 981px) 1024px, 100vw\" \/><\/p>\n","protected":false},"excerpt":{"rendered":"<p>Durante el mes de abril, el alumnado mediador de nuestro centro ha seguido ampliando su formaci\u00f3n a trav\u00e9s de dos talleres organizados por el Instituto Andaluz de la Juventud, en colaboraci\u00f3n con entidades especializadas. \ud83d\udcc5 10 de abril: Participaron en el taller &#8220;Nuevas masculinidades e igualdad&#8221;, un espacio de reflexi\u00f3n y aprendizaje sobre la construcci\u00f3n [&hellip;]<\/p>\n","protected":false},"author":11159,"featured_media":14179,"comment_status":"closed","ping_status":"open","sticky":false,"template":"","format":"standard","meta":{"_et_pb_use_builder":"","_et_pb_old_content":"","_et_gb_content_width":"","ngg_post_thumbnail":0,"footnotes":""},"categories":[120,92,136,23,134],"tags":[],"aioseo_notices":[],"_links":{"self":[{"href":"https:\/\/blogsaverroes.juntadeandalucia.es\/iesalhadra\/wp-json\/wp\/v2\/posts\/14178"}],"collection":[{"href":"https:\/\/blogsaverroes.juntadeandalucia.es\/iesalhadra\/wp-json\/wp\/v2\/posts"}],"about":[{"href":"https:\/\/blogsaverroes.juntadeandalucia.es\/iesalhadra\/wp-json\/wp\/v2\/types\/post"}],"author":[{"embeddable":true,"href":"https:\/\/blogsaverroes.juntadeandalucia.es\/iesalhadra\/wp-json\/wp\/v2\/users\/11159"}],"replies":[{"embeddable":true,"href":"https:\/\/blogsaverroes.juntadeandalucia.es\/iesalhadra\/wp-json\/wp\/v2\/comments?post=14178"}],"version-history":[{"count":1,"href":"https:\/\/blogsaverroes.juntadeandalucia.es\/iesalhadra\/wp-json\/wp\/v2\/posts\/14178\/revisions"}],"predecessor-version":[{"id":14184,"href":"https:\/\/blogsaverroes.juntadeandalucia.es\/iesalhadra\/wp-json\/wp\/v2\/posts\/14178\/revisions\/14184"}],"wp:featuredmedia":[{"embeddable":true,"href":"https:\/\/blogsaverroes.juntadeandalucia.es\/iesalhadra\/wp-json\/wp\/v2\/media\/14179"}],"wp:attachment":[{"href":"https:\/\/blogsaverroes.juntadeandalucia.es\/iesalhadra\/wp-json\/wp\/v2\/media?parent=14178"}],"wp:term":[{"taxonomy":"category","embeddable":true,"href":"https:\/\/blogsaverroes.juntadeandalucia.es\/iesalhadra\/wp-json\/wp\/v2\/categories?post=14178"},{"taxonomy":"post_tag","embeddable":true,"href":"https:\/\/blogsaverroes.juntadeandalucia.es\/iesalhadra\/wp-json\/wp\/v2\/tags?post=14178"}],"curies":[{"name":"wp","href":"https:\/\/api.w.org\/{rel}","templated":true}]}}