{"id":2661,"date":"2020-04-23T09:26:46","date_gmt":"2020-04-23T08:26:46","guid":{"rendered":"http:\/\/iesalhadra.org\/wpAlhadra\/?p=2661"},"modified":"2021-02-17T13:41:33","modified_gmt":"2021-02-17T12:41:33","slug":"dia-internacional-del-libro","status":"publish","type":"post","link":"https:\/\/blogsaverroes.juntadeandalucia.es\/iesalhadra\/dia-internacional-del-libro\/","title":{"rendered":"D\u00eda internacional del Libro"},"content":{"rendered":"\n\t\t\t\t\n<p>Desde la biblioteca Carmen de Burgos, del IES Alhadra, junto al departamento de Lengua Castellana y Literatura, os proponen una serie de actividades para trabajar en este d\u00eda.<\/p>\n\n\n\n<ul><li><strong>La Biblioteca humana: <\/strong><\/li><\/ul>\n\n\n\n<p style=\"text-align:justify\">Os animamos a que particip\u00e9is en la biblioteca humana del IES Alhadra,  profesorado, alumnado y gente del \u00e1rea de influencia del centro en general. Aqu\u00ed ten\u00e9is un enlace a la presentaci\u00f3n del proyecto:<\/p>\n\n\n\n<p><a rel=\"noreferrer noopener\" href=\"https:\/\/view.genial.ly\/5e8479ded54b570d8e810540\/presentation-la-biblioteca-humana-del-ies-alhadra\" target=\"_blank\">https:\/\/view.genial.ly\/5e8479ded54b570d8e810540\/presentation-la-biblioteca-humana-del-ies-alhadra<\/a><\/p>\n\n\n\n<p style=\"text-align:justify\">Os dejamos unos consejos de grabaci\u00f3n b\u00e1sica con m\u00f3viles y fichas sueltas de cada l\u00ednea del proyecto.<br><strong>\u00bfC\u00f3mo participo?<\/strong> B\u00e1sicamente, grabando y enviando el archivo a <a rel=\"noreferrer noopener\" href=\"mailto:biblioteca@iesalhadra.org\" target=\"_blank\">biblioteca@iesalhadra.org<\/a>\u00a0<\/p>\n\n\n\n<p style=\"text-align:justify\">Tambi\u00e9n puedes participar como mediador, es decir, animando a otras personas a que lo hagan. En mayo o junio, inauguraremos la web donde vayamos colgando los archivos organizados por l\u00edneas y temas. Adem\u00e1s, iremos incluyendo consejos de grabaci\u00f3n y otros enlaces. <\/p>\n\n\n\n<div class=\"et_pb_slider et_pb_slider_fullwidth_off et_pb_gallery_post_type\">\n\t\t\t\t<div class=\"et_pb_slides\">\n\t\t\t\t\t<div class=\"et_pb_slide\" style=\"background: url(https:\/\/blogsaverroes.juntadeandalucia.es\/iesalhadra\/files\/2020\/04\/1-1.png);\"><\/div><div class=\"et_pb_slide\" style=\"background: url(https:\/\/blogsaverroes.juntadeandalucia.es\/iesalhadra\/files\/2020\/04\/2-1.png);\"><\/div><div class=\"et_pb_slide\" style=\"background: url(https:\/\/blogsaverroes.juntadeandalucia.es\/iesalhadra\/files\/2020\/04\/3-1.png);\"><\/div><div class=\"et_pb_slide\" style=\"background: url(https:\/\/blogsaverroes.juntadeandalucia.es\/iesalhadra\/files\/2020\/04\/4-1.png);\"><\/div><div class=\"et_pb_slide\" style=\"background: url(https:\/\/blogsaverroes.juntadeandalucia.es\/iesalhadra\/files\/2020\/04\/Tips-de-audio-1.png);\"><\/div>\n\t\t\t\t<\/div>\n\t\t\t<\/div>\n\n\n\n<div class=\"wp-block-file\"><a href=\"https:\/\/blogsaverroes.juntadeandalucia.es\/iesalhadra\/files\/2020\/04\/versi\u00f3n-pdf-biblioteca-humana.pdf\">La biblioteca humana<\/a><a href=\"https:\/\/blogsaverroes.juntadeandalucia.es\/iesalhadra\/files\/2020\/04\/versi\u00f3n-pdf-biblioteca-humana.pdf\" class=\"wp-block-file__button\" download>Descarga<\/a><\/div>\n\n\n\n<ul><li>Todos los cursos acad\u00e9micos se realizan unas sesiones de formaci\u00f3n de usuarios en competencia informacional en la Biblioteca por el D\u00eda del Libro. Este curso no renunciamos a ello, aunque de un modo m\u00e1s limitado y sencillo.<br>Si entr\u00e1is <a href=\"https:\/\/biblioalhadra.blogspot.com\/2020\/04\/formacion-de-usuarios-concurso-1-y-2-de.html\">aqu\u00ed<\/a>, encontrar\u00e9is una sencilla\u00a0<strong>gu\u00eda acerca de c\u00f3mo buscar informaci\u00f3n en la red y una pr\u00e1ctica<\/strong>, que el alumnado enviar\u00e1 a su tutor\/a o a este correo. Tienen hasta el pr\u00f3ximo lunes, d\u00eda 27 y, entre todos los participantes, <strong>sortearemos un ejemplar de\u00a0<em>Con los ojos cerrados<\/em>, de Alfredo G\u00f3mez Cerd\u00e1.<\/strong><\/li><li>Tambi\u00e9n os proponemos una tarea algo m\u00e1s compleja que la anterior para el alumnado m\u00e1s avanzado de 3\u00ba y 4\u00ba de ESO y 1\u00ba de Bachillerato: buscar informaci\u00f3n, tratarla y presentarla en internet de modo colaborativo. Si entr\u00e1is <a href=\"https:\/\/biblioalhadra.blogspot.com\/2020\/04\/formacion-de-usuarios-buscar-y.html\">aqu\u00ed<\/a>, encontrar\u00e9is las pautas para coronar con \u00e9xito este aprendizaje. Entre todos los equipos que completen esta tarea, <strong>sortearemos un libro para cada miembro del grupo.<\/strong><\/li><\/ul>\n\n\n\n<ul><li>El fant\u00e1stico departamento de Lengua nos lee desde casa <em>La ciudad de los pozos<\/em>, un relato de Jorge Bucay, con la genial edici\u00f3n de nuestro Antonio Garrido.<\/li><\/ul>\n\n\n\n<figure class=\"wp-block-embed-youtube wp-block-embed is-type-video is-provider-youtube wp-embed-aspect-16-9 wp-has-aspect-ratio\"><div class=\"wp-block-embed__wrapper\">\n<iframe loading=\"lazy\" title=\"Dpto de Lengua IES Alhadra. Lectura colectiva. D\u00eda del Libro 2020\" width=\"1080\" height=\"608\" src=\"https:\/\/www.youtube.com\/embed\/_yTnKey3uzc?feature=oembed\" frameborder=\"0\" allow=\"accelerometer; autoplay; clipboard-write; encrypted-media; gyroscope; picture-in-picture\" allowfullscreen><\/iframe>\n<\/div><\/figure>\n\t\t","protected":false},"excerpt":{"rendered":"<p>Desde la biblioteca Carmen de Burgos, del IES Alhadra, junto al departamento de Lengua Castellana y Literatura, os proponen una serie de actividades para trabajar en este d\u00eda. La Biblioteca humana: Os animamos a que particip\u00e9is en la biblioteca humana del IES Alhadra, profesorado, alumnado y gente del \u00e1rea de influencia del centro en general. [&hellip;]<\/p>\n","protected":false},"author":11612,"featured_media":0,"comment_status":"closed","ping_status":"open","sticky":false,"template":"","format":"standard","meta":{"_et_pb_use_builder":"","_et_pb_old_content":"","_et_gb_content_width":"","ngg_post_thumbnail":0,"footnotes":""},"categories":[42],"tags":[],"aioseo_notices":[],"_links":{"self":[{"href":"https:\/\/blogsaverroes.juntadeandalucia.es\/iesalhadra\/wp-json\/wp\/v2\/posts\/2661"}],"collection":[{"href":"https:\/\/blogsaverroes.juntadeandalucia.es\/iesalhadra\/wp-json\/wp\/v2\/posts"}],"about":[{"href":"https:\/\/blogsaverroes.juntadeandalucia.es\/iesalhadra\/wp-json\/wp\/v2\/types\/post"}],"author":[{"embeddable":true,"href":"https:\/\/blogsaverroes.juntadeandalucia.es\/iesalhadra\/wp-json\/wp\/v2\/users\/11612"}],"replies":[{"embeddable":true,"href":"https:\/\/blogsaverroes.juntadeandalucia.es\/iesalhadra\/wp-json\/wp\/v2\/comments?post=2661"}],"version-history":[{"count":1,"href":"https:\/\/blogsaverroes.juntadeandalucia.es\/iesalhadra\/wp-json\/wp\/v2\/posts\/2661\/revisions"}],"predecessor-version":[{"id":3687,"href":"https:\/\/blogsaverroes.juntadeandalucia.es\/iesalhadra\/wp-json\/wp\/v2\/posts\/2661\/revisions\/3687"}],"wp:attachment":[{"href":"https:\/\/blogsaverroes.juntadeandalucia.es\/iesalhadra\/wp-json\/wp\/v2\/media?parent=2661"}],"wp:term":[{"taxonomy":"category","embeddable":true,"href":"https:\/\/blogsaverroes.juntadeandalucia.es\/iesalhadra\/wp-json\/wp\/v2\/categories?post=2661"},{"taxonomy":"post_tag","embeddable":true,"href":"https:\/\/blogsaverroes.juntadeandalucia.es\/iesalhadra\/wp-json\/wp\/v2\/tags?post=2661"}],"curies":[{"name":"wp","href":"https:\/\/api.w.org\/{rel}","templated":true}]}}