{"id":4479,"date":"2019-10-04T11:27:54","date_gmt":"2019-10-04T10:27:54","guid":{"rendered":"https:\/\/blogsaverroes.juntadeandalucia.es\/iesalhadra\/?p=4479"},"modified":"2021-04-12T16:09:52","modified_gmt":"2021-04-12T15:09:52","slug":"v-indalmat","status":"publish","type":"post","link":"https:\/\/blogsaverroes.juntadeandalucia.es\/iesalhadra\/v-indalmat\/","title":{"rendered":"V INDALMAT"},"content":{"rendered":"<p>[et_pb_section fb_built=&#8221;1&#8243; _builder_version=&#8221;4.5.0&#8243; _module_preset=&#8221;default&#8221;][et_pb_row _builder_version=&#8221;4.5.0&#8243; _module_preset=&#8221;default&#8221;][et_pb_column type=&#8221;4_4&#8243; _builder_version=&#8221;4.5.0&#8243; _module_preset=&#8221;default&#8221;][et_pb_text _builder_version=&#8221;4.5.0&#8243; _module_preset=&#8221;default&#8221; hover_enabled=&#8221;0&#8243;]<\/p>\n<p>El pasado viernes 4 de Octubre se celebr\u00f3 en la Universidad de Almer\u00eda la <strong>V edici\u00f3n del concurso Indalmat<\/strong> en el cual participaron alumnos\/as de 1\u00ba de Bachillerato de Ciencias de nuestro instituto acompa\u00f1ados por D. Gabriel Jim\u00e9nez como profesorado de Matem\u00e1ticas del Departamento, siguiendo la &#8220;tradici\u00f3n&#8221; de asistir a esta convocatoria de la Facultad de Matem\u00e1ticas de la UAL. La actividad permiti\u00f3 al alumnado tener contacto con nuestra UAL y empezar a relacionarse con la misma, adem\u00e1s de competir y compartir experiencias con alumnado de otros centros de la provincia, por lo que fue un d\u00eda en el que disfrutaron con las matem\u00e1ticas desde otra perspectiva ya m\u00e1s enfocada hacia cursos superiores.<\/p>\n<p>[\/et_pb_text][\/et_pb_column][\/et_pb_row][\/et_pb_section]<\/p>\n","protected":false},"excerpt":{"rendered":"<p>El pasado viernes 4 de Octubre se celebr\u00f3 en la Universidad de Almer\u00eda la V edici\u00f3n del concurso Indalmat en el cual participaron alumnos\/as de 1\u00ba de Bachillerato de Ciencias de nuestro instituto acompa\u00f1ados por D. Gabriel Jim\u00e9nez como profesorado de Matem\u00e1ticas del Departamento, siguiendo la &#8220;tradici\u00f3n&#8221; de asistir a esta convocatoria de la Facultad [&hellip;]<\/p>\n","protected":false},"author":11159,"featured_media":1820,"comment_status":"closed","ping_status":"open","sticky":false,"template":"","format":"standard","meta":{"_et_pb_use_builder":"on","_et_pb_old_content":"<p>El pasado viernes 4 de Octubre se celebr\u00f3 en la Universidad de Almer\u00eda la <strong>V edici\u00f3n del concurso Indalmat<\/strong> en el cual participaron alumnos\/as de 1\u00ba de Bachillerato de Ciencias de nuestro instituto acompa\u00f1ados por D. Gabriel Jim\u00e9nez como profesorado de Matem\u00e1ticas del Departamento, siguiendo la \"tradici\u00f3n\" de asistir a esta convocatoria de la Facultad de Matem\u00e1ticas de la UAL. La actividad permiti\u00f3 al alumnado tener contacto con nuestra UAL y empezar a relacionarse con la misma, adem\u00e1s de competir y compartir experiencias con alumnado de otros centros de la provincia, por lo que fue un d\u00eda en el que disfrutaron con las matem\u00e1ticas desde otra perspectiva ya m\u00e1s enfocada hacia cursos superiores.<\/p>","_et_gb_content_width":"","ngg_post_thumbnail":0,"footnotes":""},"categories":[48,9,30],"tags":[],"aioseo_notices":[],"_links":{"self":[{"href":"https:\/\/blogsaverroes.juntadeandalucia.es\/iesalhadra\/wp-json\/wp\/v2\/posts\/4479"}],"collection":[{"href":"https:\/\/blogsaverroes.juntadeandalucia.es\/iesalhadra\/wp-json\/wp\/v2\/posts"}],"about":[{"href":"https:\/\/blogsaverroes.juntadeandalucia.es\/iesalhadra\/wp-json\/wp\/v2\/types\/post"}],"author":[{"embeddable":true,"href":"https:\/\/blogsaverroes.juntadeandalucia.es\/iesalhadra\/wp-json\/wp\/v2\/users\/11159"}],"replies":[{"embeddable":true,"href":"https:\/\/blogsaverroes.juntadeandalucia.es\/iesalhadra\/wp-json\/wp\/v2\/comments?post=4479"}],"version-history":[{"count":3,"href":"https:\/\/blogsaverroes.juntadeandalucia.es\/iesalhadra\/wp-json\/wp\/v2\/posts\/4479\/revisions"}],"predecessor-version":[{"id":4483,"href":"https:\/\/blogsaverroes.juntadeandalucia.es\/iesalhadra\/wp-json\/wp\/v2\/posts\/4479\/revisions\/4483"}],"wp:featuredmedia":[{"embeddable":true,"href":"https:\/\/blogsaverroes.juntadeandalucia.es\/iesalhadra\/wp-json\/wp\/v2\/media\/1820"}],"wp:attachment":[{"href":"https:\/\/blogsaverroes.juntadeandalucia.es\/iesalhadra\/wp-json\/wp\/v2\/media?parent=4479"}],"wp:term":[{"taxonomy":"category","embeddable":true,"href":"https:\/\/blogsaverroes.juntadeandalucia.es\/iesalhadra\/wp-json\/wp\/v2\/categories?post=4479"},{"taxonomy":"post_tag","embeddable":true,"href":"https:\/\/blogsaverroes.juntadeandalucia.es\/iesalhadra\/wp-json\/wp\/v2\/tags?post=4479"}],"curies":[{"name":"wp","href":"https:\/\/api.w.org\/{rel}","templated":true}]}}