{"id":5003,"date":"2021-05-25T16:12:02","date_gmt":"2021-05-25T15:12:02","guid":{"rendered":"https:\/\/blogsaverroes.juntadeandalucia.es\/iesalhadra\/?p=5003"},"modified":"2021-09-10T21:29:05","modified_gmt":"2021-09-10T20:29:05","slug":"detectar-las-violencias-cotidianas","status":"publish","type":"post","link":"https:\/\/blogsaverroes.juntadeandalucia.es\/iesalhadra\/detectar-las-violencias-cotidianas\/","title":{"rendered":"DETECTAR LAS VIOLENCIAS COTIDIANAS"},"content":{"rendered":"<p>[et_pb_section fb_built=&#8221;1&#8243; _builder_version=&#8221;4.5.0&#8243; _module_preset=&#8221;default&#8221;][et_pb_row _builder_version=&#8221;4.5.0&#8243; _module_preset=&#8221;default&#8221;][et_pb_column type=&#8221;4_4&#8243; _builder_version=&#8221;4.5.0&#8243; _module_preset=&#8221;default&#8221;][et_pb_text _builder_version=&#8221;4.5.0&#8243; _module_preset=&#8221;default&#8221; hover_enabled=&#8221;0&#8243;]<\/p>\n<div>Dentro de las actividades organizadas dentro del PACTO DE LA VIOLENCIA DE G\u00c9NERO y el PLAN DE IGUALDAD de nuestro centro, hemos recibido varios talleres formativos sobre las violencias cotidianas en la adolescencia.&nbsp;<\/div>\n<div>&nbsp;<\/div>\n<div>Estas formaciones, han sido impartidas por la psic\u00f3loga y sex\u00f3loga almeriense Laura Marcilla Jim\u00e9nez, que recibi\u00f3 el galard\u00f3n en la categor\u00eda Promoci\u00f3n de la Igualdad entre Mujeres y Hombres en la Juventud (Premio Andaluc\u00eda Joven 2020) y lleva a cabo talleres de educaci\u00f3n sexual con perspectiva de g\u00e9nero tanto de forma independiente como en colaboraci\u00f3n con el Instituto Andaluz de la Juventud, el Instituto Andaluz de la Mujer, la Red de Entidades de Voluntariado y la Liga Espa\u00f1ola de la Educaci\u00f3n, entre otras entidades. Es licenciada en Psicolog\u00eda por la Universidad de Sevilla y M\u00e1ster Oficial en Ciencias de la Sexolog\u00eda de la Universidad de Almer\u00eda, con doble especialidad en Sexolog\u00eda Cl\u00ednica y Sexolog\u00eda Educativa y Premio Extraordinario al Mejor Expediente. Ha realizado m\u00faltiples cursos y congresos sobre G\u00e9nero y Violencia de G\u00e9nero y contin\u00faa su formaci\u00f3n con el Doctorado en Salud, Psiquiatr\u00eda en Psicolog\u00eda.<\/div>\n<p>[\/et_pb_text][et_pb_image src=&#8221;https:\/\/blogsaverroes.juntadeandalucia.es\/iesalhadra\/files\/2021\/05\/imagen-1.png&#8221; title_text=&#8221;imagen (1)&#8221; align=&#8221;center&#8221; admin_label=&#8221;Cartel&#8221; _builder_version=&#8221;4.5.0&#8243; _module_preset=&#8221;default&#8221; width=&#8221;60%&#8221; max_width=&#8221;60%&#8221; hover_enabled=&#8221;0&#8243; box_shadow_style=&#8221;preset1&#8243;][\/et_pb_image][\/et_pb_column][\/et_pb_row][\/et_pb_section]<\/p>\n","protected":false},"excerpt":{"rendered":"<p>Dentro de las actividades organizadas dentro del PACTO DE LA VIOLENCIA DE G\u00c9NERO y el PLAN DE IGUALDAD de nuestro centro, hemos recibido varios talleres formativos sobre las violencias cotidianas en la adolescencia.&nbsp; &nbsp; Estas formaciones, han sido impartidas por la psic\u00f3loga y sex\u00f3loga almeriense Laura Marcilla Jim\u00e9nez, que recibi\u00f3 el galard\u00f3n en la categor\u00eda [&hellip;]<\/p>\n","protected":false},"author":11159,"featured_media":5008,"comment_status":"closed","ping_status":"open","sticky":false,"template":"","format":"standard","meta":{"_et_pb_use_builder":"on","_et_pb_old_content":"","_et_gb_content_width":"","ngg_post_thumbnail":0,"footnotes":""},"categories":[47,15],"tags":[],"aioseo_notices":[],"_links":{"self":[{"href":"https:\/\/blogsaverroes.juntadeandalucia.es\/iesalhadra\/wp-json\/wp\/v2\/posts\/5003"}],"collection":[{"href":"https:\/\/blogsaverroes.juntadeandalucia.es\/iesalhadra\/wp-json\/wp\/v2\/posts"}],"about":[{"href":"https:\/\/blogsaverroes.juntadeandalucia.es\/iesalhadra\/wp-json\/wp\/v2\/types\/post"}],"author":[{"embeddable":true,"href":"https:\/\/blogsaverroes.juntadeandalucia.es\/iesalhadra\/wp-json\/wp\/v2\/users\/11159"}],"replies":[{"embeddable":true,"href":"https:\/\/blogsaverroes.juntadeandalucia.es\/iesalhadra\/wp-json\/wp\/v2\/comments?post=5003"}],"version-history":[{"count":3,"href":"https:\/\/blogsaverroes.juntadeandalucia.es\/iesalhadra\/wp-json\/wp\/v2\/posts\/5003\/revisions"}],"predecessor-version":[{"id":5009,"href":"https:\/\/blogsaverroes.juntadeandalucia.es\/iesalhadra\/wp-json\/wp\/v2\/posts\/5003\/revisions\/5009"}],"wp:featuredmedia":[{"embeddable":true,"href":"https:\/\/blogsaverroes.juntadeandalucia.es\/iesalhadra\/wp-json\/wp\/v2\/media\/5008"}],"wp:attachment":[{"href":"https:\/\/blogsaverroes.juntadeandalucia.es\/iesalhadra\/wp-json\/wp\/v2\/media?parent=5003"}],"wp:term":[{"taxonomy":"category","embeddable":true,"href":"https:\/\/blogsaverroes.juntadeandalucia.es\/iesalhadra\/wp-json\/wp\/v2\/categories?post=5003"},{"taxonomy":"post_tag","embeddable":true,"href":"https:\/\/blogsaverroes.juntadeandalucia.es\/iesalhadra\/wp-json\/wp\/v2\/tags?post=5003"}],"curies":[{"name":"wp","href":"https:\/\/api.w.org\/{rel}","templated":true}]}}