{"id":8323,"date":"2023-01-30T09:24:58","date_gmt":"2023-01-30T08:24:58","guid":{"rendered":"https:\/\/blogsaverroes.juntadeandalucia.es\/iesalhadra\/?p=8323"},"modified":"2023-06-26T23:16:05","modified_gmt":"2023-06-26T22:16:05","slug":"iii-ferial-intercultural-ies-alhadra","status":"publish","type":"post","link":"https:\/\/blogsaverroes.juntadeandalucia.es\/iesalhadra\/iii-ferial-intercultural-ies-alhadra\/","title":{"rendered":"III Feria Intercultural IES Alhadra"},"content":{"rendered":"<p>[et_pb_section fb_built=&#8221;1&#8243; _builder_version=&#8221;4.5.0&#8243; _module_preset=&#8221;default&#8221; global_colors_info=&#8221;{}&#8221;][et_pb_row _builder_version=&#8221;4.5.0&#8243; _module_preset=&#8221;default&#8221; global_colors_info=&#8221;{}&#8221;][et_pb_column type=&#8221;4_4&#8243; _builder_version=&#8221;4.5.0&#8243; _module_preset=&#8221;default&#8221; global_colors_info=&#8221;{}&#8221;][et_pb_text _builder_version=&#8221;4.14.5&#8243; _module_preset=&#8221;default&#8221; global_colors_info=&#8221;{}&#8221;]<\/p>\n<p>Para conmemorar el D\u00eda Escolar de la Paz y la No Violencia, atendiendo a la Circular de 20 de enero de 2023, el IES Alhadra est\u00e1 organizando la III Feria Intercultural como impulso a las actuaciones relativas a la promoci\u00f3n de la Cultura de Paz, la prevenci\u00f3n de la violencia y la mejora de la convivencia escolar. La feria se compone de once stands de las siguientes nacionalidades: Francia, Marruecos, Argentina, Colombia, Venezuela, Per\u00fa, Italia, Rusia, \u00c9tnia Gitana, Ucrania, Lituania, Ecuador. En cada uno de ellos se llevar\u00e1n a cabo diferentes talleres educativos sobre cultura, tradiciones, folklore, gastronom\u00eda, m\u00fasica tradicional, literatura y arte, geograf\u00eda e historia, expresiones populares, caligraf\u00eda.<\/p>\n<p>&nbsp;<\/p>\n<p>[\/et_pb_text][et_pb_video src=&#8221;https:\/\/blogsaverroes.juntadeandalucia.es\/iesalhadra\/files\/2023\/01\/III_feria_intercultural_IESAlhadra.mp4&#8243; _builder_version=&#8221;4.14.5&#8243; _module_preset=&#8221;default&#8221; global_colors_info=&#8221;{}&#8221;][\/et_pb_video][et_pb_image src=&#8221;https:\/\/blogsaverroes.juntadeandalucia.es\/iesalhadra\/files\/2023\/01\/Feria-Intercultural-2023_page-0002.jpg&#8221; title_text=&#8221;Feria Intercultural 2023_page-0002&#8243; _builder_version=&#8221;4.14.5&#8243; _module_preset=&#8221;default&#8221; global_colors_info=&#8221;{}&#8221;][\/et_pb_image][et_pb_button button_url=&#8221;https:\/\/blogsaverroes.juntadeandalucia.es\/iesalhadra\/files\/2023\/01\/Feria-Intercultural-2023.pdf&#8221; button_text=&#8221;Descargar d\u00edptico&#8221; _builder_version=&#8221;4.14.5&#8243; _module_preset=&#8221;default&#8221; global_colors_info=&#8221;{}&#8221;][\/et_pb_button][et_pb_gallery gallery_ids=&#8221;8338,8339,8340,8341,8342,8343,8344,8345,8346,8347,8348,8349,8350,8351,8352,8353,8354,8355,8356,8357,8358,8359,8360,8361,8362,8363,8364,8365,8366,8367,8368,8369,8370,8371,8372,8373,8374,8375,8376,8377,8378,8379,8380,8381,8382,8383,8384,8385,8386,8387&#8243; posts_number=&#8221;12&#8243; show_title_and_caption=&#8221;off&#8221; _builder_version=&#8221;4.14.5&#8243; _module_preset=&#8221;default&#8221; hover_enabled=&#8221;0&#8243; global_colors_info=&#8221;{}&#8221; sticky_enabled=&#8221;0&#8243;][\/et_pb_gallery][et_pb_video_slider _builder_version=&#8221;4.14.5&#8243; _module_preset=&#8221;default&#8221; global_colors_info=&#8221;{}&#8221;][et_pb_video_slider_item src=&#8221;https:\/\/blogsaverroes.juntadeandalucia.es\/iesalhadra\/files\/2023\/01\/IIIFeriaInternacionalAlhadra_23_01.mp4&#8243; _builder_version=&#8221;4.14.5&#8243; _module_preset=&#8221;default&#8221; global_colors_info=&#8221;{}&#8221; show_image_overlay=&#8221;off&#8221;][\/et_pb_video_slider_item][et_pb_video_slider_item src=&#8221;https:\/\/blogsaverroes.juntadeandalucia.es\/iesalhadra\/files\/2023\/01\/IIIFeriaInternacionalAlhadra_23_52.mp4&#8243; _builder_version=&#8221;4.14.5&#8243; _module_preset=&#8221;default&#8221; global_colors_info=&#8221;{}&#8221; show_image_overlay=&#8221;off&#8221;][\/et_pb_video_slider_item][\/et_pb_video_slider][\/et_pb_column][\/et_pb_row][\/et_pb_section]<\/p>\n","protected":false},"excerpt":{"rendered":"<p>Para conmemorar el D\u00eda Escolar de la Paz y la No Violencia, atendiendo a la Circular de 20 de enero de 2023, el IES Alhadra est\u00e1 organizando la III Feria Intercultural como impulso a las actuaciones relativas a la promoci\u00f3n de la Cultura de Paz, la prevenci\u00f3n de la violencia y la mejora de la [&hellip;]<\/p>\n","protected":false},"author":11159,"featured_media":8334,"comment_status":"closed","ping_status":"open","sticky":false,"template":"","format":"standard","meta":{"_et_pb_use_builder":"on","_et_pb_old_content":"","_et_gb_content_width":"","ngg_post_thumbnail":0,"footnotes":""},"categories":[62,23,38,42],"tags":[],"aioseo_notices":[],"_links":{"self":[{"href":"https:\/\/blogsaverroes.juntadeandalucia.es\/iesalhadra\/wp-json\/wp\/v2\/posts\/8323"}],"collection":[{"href":"https:\/\/blogsaverroes.juntadeandalucia.es\/iesalhadra\/wp-json\/wp\/v2\/posts"}],"about":[{"href":"https:\/\/blogsaverroes.juntadeandalucia.es\/iesalhadra\/wp-json\/wp\/v2\/types\/post"}],"author":[{"embeddable":true,"href":"https:\/\/blogsaverroes.juntadeandalucia.es\/iesalhadra\/wp-json\/wp\/v2\/users\/11159"}],"replies":[{"embeddable":true,"href":"https:\/\/blogsaverroes.juntadeandalucia.es\/iesalhadra\/wp-json\/wp\/v2\/comments?post=8323"}],"version-history":[{"count":8,"href":"https:\/\/blogsaverroes.juntadeandalucia.es\/iesalhadra\/wp-json\/wp\/v2\/posts\/8323\/revisions"}],"predecessor-version":[{"id":8395,"href":"https:\/\/blogsaverroes.juntadeandalucia.es\/iesalhadra\/wp-json\/wp\/v2\/posts\/8323\/revisions\/8395"}],"wp:featuredmedia":[{"embeddable":true,"href":"https:\/\/blogsaverroes.juntadeandalucia.es\/iesalhadra\/wp-json\/wp\/v2\/media\/8334"}],"wp:attachment":[{"href":"https:\/\/blogsaverroes.juntadeandalucia.es\/iesalhadra\/wp-json\/wp\/v2\/media?parent=8323"}],"wp:term":[{"taxonomy":"category","embeddable":true,"href":"https:\/\/blogsaverroes.juntadeandalucia.es\/iesalhadra\/wp-json\/wp\/v2\/categories?post=8323"},{"taxonomy":"post_tag","embeddable":true,"href":"https:\/\/blogsaverroes.juntadeandalucia.es\/iesalhadra\/wp-json\/wp\/v2\/tags?post=8323"}],"curies":[{"name":"wp","href":"https:\/\/api.w.org\/{rel}","templated":true}]}}