{"id":9024,"date":"2023-06-21T22:49:10","date_gmt":"2023-06-21T21:49:10","guid":{"rendered":"https:\/\/blogsaverroes.juntadeandalucia.es\/iesalhadra\/?p=9024"},"modified":"2023-09-06T20:22:09","modified_gmt":"2023-09-06T19:22:09","slug":"1a-edicion-feria-de-la-ciencia","status":"publish","type":"post","link":"https:\/\/blogsaverroes.juntadeandalucia.es\/iesalhadra\/1a-edicion-feria-de-la-ciencia\/","title":{"rendered":"1\u00aa edici\u00f3n Feria de la Ciencia"},"content":{"rendered":"<p>[et_pb_section fb_built=&#8221;1&#8243; _builder_version=&#8221;4.5.0&#8243; _module_preset=&#8221;default&#8221; global_colors_info=&#8221;{}&#8221; theme_builder_area=&#8221;post_content&#8221;][et_pb_row _builder_version=&#8221;4.5.0&#8243; _module_preset=&#8221;default&#8221; global_colors_info=&#8221;{}&#8221; theme_builder_area=&#8221;post_content&#8221;][et_pb_column type=&#8221;4_4&#8243; _builder_version=&#8221;4.5.0&#8243; _module_preset=&#8221;default&#8221; global_colors_info=&#8221;{}&#8221; theme_builder_area=&#8221;post_content&#8221;][et_pb_text _builder_version=&#8221;4.14.5&#8243; _module_preset=&#8221;default&#8221; hover_enabled=&#8221;0&#8243; global_colors_info=&#8221;{}&#8221; theme_builder_area=&#8221;post_content&#8221; sticky_enabled=&#8221;0&#8243;]<\/p>\n<p>El departamento de F\u00edsica y Qu\u00edmica, integrado por D\u00aa. Sonia Rodr\u00edguez Amate, D\u00aa. Dolores Mart\u00ednez Portero, D\u00aa. Ana Isabel Rueda L\u00f3pez y D. Victor Gutierrez Castro, &nbsp;llev\u00f3 a cabo el 19 de Mayo la primera edici\u00f3n de la Feria de la Ciencia en el IES Alhadra, donde&nbsp; parte del alumnado de 1\u00ba y 3\u00ba ESO&nbsp; tuvo&nbsp; un protagonismo principal en la feria, mostrando sus proyectos y experiencias de ciencias desarrolladas en sus aulas al resto de compa\u00f1eros de esos niveles.<\/p>\n<p>Tenemos que destacar tambi\u00e9n la participaci\u00f3n en la feria de la Directora General del Pita: D\u00aa. Alejandra Carre\u00f1o Morales, que ha tenido la amabilidad de impartir una charla sobre los proyectos llevados a cabo en sus instalaciones a nuestro alumnado en el Sal\u00f3n de actos.<\/p>\n<p>Esta feria ha servido de experiencia piloto para la futura Feria de la Ciencia, tanto en el Instituto, como fuera del centro, como participantes en la Feria de la provincia y \/o Sevilla.<\/p>\n<p>Este a\u00f1o hemos tra\u00eddo al IES la feria para que el alumnado se familiarice con las Ciencias. Ha sido una experiencia muy enriquecedora, donde el alumnado ha aprendido a trav\u00e9s de la experiencia y se ha divertido haci\u00e9ndolo.<\/p>\n<p>&nbsp;<\/p>\n<p>[\/et_pb_text][et_pb_video_slider _builder_version=&#8221;4.14.5&#8243; _module_preset=&#8221;default&#8221; theme_builder_area=&#8221;post_content&#8221; hover_enabled=&#8221;0&#8243; sticky_enabled=&#8221;0&#8243;][et_pb_video_slider_item _builder_version=&#8221;4.14.5&#8243; _module_preset=&#8221;default&#8221; theme_builder_area=&#8221;post_content&#8221; show_image_overlay=&#8221;off&#8221; title_text=&#8221;VIDEO-2023-05-19-12-20-22&#8243; src=&#8221;https:\/\/blogsaverroes.juntadeandalucia.es\/iesalhadra\/files\/2023\/06\/VIDEO-2023-05-19-12-20-22.mp4&#8243; hover_enabled=&#8221;0&#8243; sticky_enabled=&#8221;0&#8243;][\/et_pb_video_slider_item][et_pb_video_slider_item _builder_version=&#8221;4.14.5&#8243; _module_preset=&#8221;default&#8221; theme_builder_area=&#8221;post_content&#8221; show_image_overlay=&#8221;off&#8221; src=&#8221;https:\/\/www.youtube.com\/watch?v=fiCWK9sIWQ4&#8243; hover_enabled=&#8221;0&#8243; sticky_enabled=&#8221;0&#8243;][\/et_pb_video_slider_item][et_pb_video_slider_item _builder_version=&#8221;4.14.5&#8243; _module_preset=&#8221;default&#8221; theme_builder_area=&#8221;post_content&#8221; show_image_overlay=&#8221;off&#8221; src=&#8221;https:\/\/www.youtube.com\/watch?v=Hqw9_LuGbZw&#8221; hover_enabled=&#8221;0&#8243; sticky_enabled=&#8221;0&#8243;][\/et_pb_video_slider_item][\/et_pb_video_slider][\/et_pb_column][\/et_pb_row][\/et_pb_section]<\/p>\n","protected":false},"excerpt":{"rendered":"<p>El departamento de F\u00edsica y Qu\u00edmica, integrado por D\u00aa. Sonia Rodr\u00edguez Amate, D\u00aa. Dolores Mart\u00ednez Portero, D\u00aa. Ana Isabel Rueda L\u00f3pez y D. Victor Gutierrez Castro, &nbsp;llev\u00f3 a cabo el 19 de Mayo la primera edici\u00f3n de la Feria de la Ciencia en el IES Alhadra, donde&nbsp; parte del alumnado de 1\u00ba y 3\u00ba ESO&nbsp; [&hellip;]<\/p>\n","protected":false},"author":11159,"featured_media":9025,"comment_status":"closed","ping_status":"open","sticky":false,"template":"","format":"standard","meta":{"_et_pb_use_builder":"on","_et_pb_old_content":"","_et_gb_content_width":"","ngg_post_thumbnail":0,"footnotes":""},"categories":[62,35],"tags":[],"aioseo_notices":[],"_links":{"self":[{"href":"https:\/\/blogsaverroes.juntadeandalucia.es\/iesalhadra\/wp-json\/wp\/v2\/posts\/9024"}],"collection":[{"href":"https:\/\/blogsaverroes.juntadeandalucia.es\/iesalhadra\/wp-json\/wp\/v2\/posts"}],"about":[{"href":"https:\/\/blogsaverroes.juntadeandalucia.es\/iesalhadra\/wp-json\/wp\/v2\/types\/post"}],"author":[{"embeddable":true,"href":"https:\/\/blogsaverroes.juntadeandalucia.es\/iesalhadra\/wp-json\/wp\/v2\/users\/11159"}],"replies":[{"embeddable":true,"href":"https:\/\/blogsaverroes.juntadeandalucia.es\/iesalhadra\/wp-json\/wp\/v2\/comments?post=9024"}],"version-history":[{"count":4,"href":"https:\/\/blogsaverroes.juntadeandalucia.es\/iesalhadra\/wp-json\/wp\/v2\/posts\/9024\/revisions"}],"predecessor-version":[{"id":9037,"href":"https:\/\/blogsaverroes.juntadeandalucia.es\/iesalhadra\/wp-json\/wp\/v2\/posts\/9024\/revisions\/9037"}],"wp:featuredmedia":[{"embeddable":true,"href":"https:\/\/blogsaverroes.juntadeandalucia.es\/iesalhadra\/wp-json\/wp\/v2\/media\/9025"}],"wp:attachment":[{"href":"https:\/\/blogsaverroes.juntadeandalucia.es\/iesalhadra\/wp-json\/wp\/v2\/media?parent=9024"}],"wp:term":[{"taxonomy":"category","embeddable":true,"href":"https:\/\/blogsaverroes.juntadeandalucia.es\/iesalhadra\/wp-json\/wp\/v2\/categories?post=9024"},{"taxonomy":"post_tag","embeddable":true,"href":"https:\/\/blogsaverroes.juntadeandalucia.es\/iesalhadra\/wp-json\/wp\/v2\/tags?post=9024"}],"curies":[{"name":"wp","href":"https:\/\/api.w.org\/{rel}","templated":true}]}}