{"id":1054,"date":"2025-11-27T10:12:38","date_gmt":"2025-11-27T09:12:38","guid":{"rendered":"https:\/\/blogsaverroes.juntadeandalucia.es\/iesalhajar\/?p=1054"},"modified":"2025-11-27T10:51:18","modified_gmt":"2025-11-27T09:51:18","slug":"charla-adacea","status":"publish","type":"post","link":"https:\/\/blogsaverroes.juntadeandalucia.es\/iesalhajar\/charla-adacea\/","title":{"rendered":"Charla ADACEA"},"content":{"rendered":"<p><span style=\"font-size: 12pt;font-family: verdana, geneva, sans-serif\">Una representante de ADACEA (Asociaci\u00f3n de Da\u00f1o Cerebral Adquirido) acudi\u00f3 al centro el d\u00eda 18 de Noviembre de 2025 para dar una charla al alumnado de 4\u00ba ESO sobre la prevenci\u00f3n de accidentes de tr\u00e1fico, haciendo hincapi\u00e9 en la importancia de las medidas de seguridad en los medios de transporte, especialmente en el uso del casco en los ciclomotores y en el cintur\u00f3n de seguridad en los coches.<\/span><\/p>\n<p><span style=\"font-size: 12pt;font-family: verdana, geneva, sans-serif\">Se pretende con ello, prevenir, sensibilizar y concienciar sobre las secuelas que produce un DCA (da\u00f1o cerebral adquirido) cuando ocurre un accidente de tr\u00e1fico.<\/span><\/p>\n<p><span style=\"font-size: 12pt;font-family: verdana, geneva, sans-serif\">Se habl\u00f3 tambi\u00e9n de las consecuencias del da\u00f1o cerebral adquirido.<\/span><\/p>\n<p><span style=\"font-size: 12pt;font-family: verdana, geneva, sans-serif\">La charla que recibieron los alumnos logr\u00f3 mantener su atenci\u00f3n en todo momento y los motiv\u00f3 a reflexionar, fomentando en ellos una mayor responsabilidad.<\/span><\/p>\nngg_shortcode_0_placeholder\n","protected":false},"excerpt":{"rendered":"<p>Una representante de ADACEA (Asociaci\u00f3n de Da\u00f1o Cerebral Adquirido) acudi\u00f3 al centro el d\u00eda 18 de Noviembre de 2025 para dar una charla al alumnado de 4\u00ba ESO sobre la prevenci\u00f3n de accidentes de tr\u00e1fico, haciendo hincapi\u00e9 en la importancia de las medidas de seguridad en los medios de transporte, especialmente en el uso del [&hellip;]<\/p>\n","protected":false},"author":21433,"featured_media":0,"comment_status":"closed","ping_status":"open","sticky":false,"template":"","format":"standard","meta":{"_et_pb_use_builder":"","_et_pb_old_content":"","_et_gb_content_width":"","ngg_post_thumbnail":0,"footnotes":""},"categories":[1],"tags":[],"aioseo_notices":[],"_links":{"self":[{"href":"https:\/\/blogsaverroes.juntadeandalucia.es\/iesalhajar\/wp-json\/wp\/v2\/posts\/1054"}],"collection":[{"href":"https:\/\/blogsaverroes.juntadeandalucia.es\/iesalhajar\/wp-json\/wp\/v2\/posts"}],"about":[{"href":"https:\/\/blogsaverroes.juntadeandalucia.es\/iesalhajar\/wp-json\/wp\/v2\/types\/post"}],"author":[{"embeddable":true,"href":"https:\/\/blogsaverroes.juntadeandalucia.es\/iesalhajar\/wp-json\/wp\/v2\/users\/21433"}],"replies":[{"embeddable":true,"href":"https:\/\/blogsaverroes.juntadeandalucia.es\/iesalhajar\/wp-json\/wp\/v2\/comments?post=1054"}],"version-history":[{"count":3,"href":"https:\/\/blogsaverroes.juntadeandalucia.es\/iesalhajar\/wp-json\/wp\/v2\/posts\/1054\/revisions"}],"predecessor-version":[{"id":1061,"href":"https:\/\/blogsaverroes.juntadeandalucia.es\/iesalhajar\/wp-json\/wp\/v2\/posts\/1054\/revisions\/1061"}],"wp:attachment":[{"href":"https:\/\/blogsaverroes.juntadeandalucia.es\/iesalhajar\/wp-json\/wp\/v2\/media?parent=1054"}],"wp:term":[{"taxonomy":"category","embeddable":true,"href":"https:\/\/blogsaverroes.juntadeandalucia.es\/iesalhajar\/wp-json\/wp\/v2\/categories?post=1054"},{"taxonomy":"post_tag","embeddable":true,"href":"https:\/\/blogsaverroes.juntadeandalucia.es\/iesalhajar\/wp-json\/wp\/v2\/tags?post=1054"}],"curies":[{"name":"wp","href":"https:\/\/api.w.org\/{rel}","templated":true}]}}