{"id":3333,"date":"2018-12-21T12:20:38","date_gmt":"2018-12-21T12:20:38","guid":{"rendered":"https:\/\/blogsaverroes.juntadeandalucia.es\/iesaljanadic\/?p=3333"},"modified":"2018-12-21T12:20:38","modified_gmt":"2018-12-21T12:20:38","slug":"entrega-de-premios-concursos-navidenos","status":"publish","type":"post","link":"https:\/\/blogsaverroes.juntadeandalucia.es\/iesaljanadic\/2018\/12\/21\/entrega-de-premios-concursos-navidenos\/","title":{"rendered":"Entrega de Premios Concursos Navide\u00f1os"},"content":{"rendered":"<p>El 21 de Diciembre se han entregado los premios de los concursos navide\u00f1os: Tarjetas Navide\u00f1as, Villancicos, Relatos Navide\u00f1os<\/p>\n<p>Concursos organizados por los departamentos de Educaci\u00f3n Pl\u00e1stica, M\u00fasica y Lengua. Con la colaboraci\u00f3n de la AMPA y el Ayuntamiento de Posadas.<\/p>\n<p>Enhorabuena al alumnado premiado.<\/p>\n<p>Nuestro agradecimiento a todo el alumnado participante y toda la organizaci\u00f3n y colaboraci\u00f3n.<\/p>\n<p><a href=\"https:\/\/blogsaverroes.juntadeandalucia.es\/iesaljanadic\/files\/2018\/12\/thumbnail-8-1.jpg\"><img fetchpriority=\"high\" decoding=\"async\" class=\"alignnone size-medium wp-image-3341\" src=\"https:\/\/blogsaverroes.juntadeandalucia.es\/iesaljanadic\/files\/2018\/12\/thumbnail-8-1-300x223.jpg\" alt=\"\" width=\"300\" height=\"223\" srcset=\"https:\/\/blogsaverroes.juntadeandalucia.es\/iesaljanadic\/files\/2018\/12\/thumbnail-8-1-300x223.jpg 300w, https:\/\/blogsaverroes.juntadeandalucia.es\/iesaljanadic\/files\/2018\/12\/thumbnail-8-1-768x570.jpg 768w, https:\/\/blogsaverroes.juntadeandalucia.es\/iesaljanadic\/files\/2018\/12\/thumbnail-8-1-1024x759.jpg 1024w, https:\/\/blogsaverroes.juntadeandalucia.es\/iesaljanadic\/files\/2018\/12\/thumbnail-8-1-700x519.jpg 700w, https:\/\/blogsaverroes.juntadeandalucia.es\/iesaljanadic\/files\/2018\/12\/thumbnail-8-1-24x18.jpg 24w, https:\/\/blogsaverroes.juntadeandalucia.es\/iesaljanadic\/files\/2018\/12\/thumbnail-8-1-36x27.jpg 36w, https:\/\/blogsaverroes.juntadeandalucia.es\/iesaljanadic\/files\/2018\/12\/thumbnail-8-1-48x36.jpg 48w, https:\/\/blogsaverroes.juntadeandalucia.es\/iesaljanadic\/files\/2018\/12\/thumbnail-8-1.jpg 1080w\" sizes=\"(max-width: 300px) 100vw, 300px\" \/><\/a> <a href=\"https:\/\/blogsaverroes.juntadeandalucia.es\/iesaljanadic\/files\/2018\/12\/thumbnail-9-1.jpg\"><img decoding=\"async\" class=\"alignnone size-medium wp-image-3342\" src=\"https:\/\/blogsaverroes.juntadeandalucia.es\/iesaljanadic\/files\/2018\/12\/thumbnail-9-1-300x223.jpg\" alt=\"\" width=\"300\" height=\"223\" srcset=\"https:\/\/blogsaverroes.juntadeandalucia.es\/iesaljanadic\/files\/2018\/12\/thumbnail-9-1-300x223.jpg 300w, https:\/\/blogsaverroes.juntadeandalucia.es\/iesaljanadic\/files\/2018\/12\/thumbnail-9-1-768x570.jpg 768w, https:\/\/blogsaverroes.juntadeandalucia.es\/iesaljanadic\/files\/2018\/12\/thumbnail-9-1-1024x759.jpg 1024w, https:\/\/blogsaverroes.juntadeandalucia.es\/iesaljanadic\/files\/2018\/12\/thumbnail-9-1-700x519.jpg 700w, https:\/\/blogsaverroes.juntadeandalucia.es\/iesaljanadic\/files\/2018\/12\/thumbnail-9-1-24x18.jpg 24w, https:\/\/blogsaverroes.juntadeandalucia.es\/iesaljanadic\/files\/2018\/12\/thumbnail-9-1-36x27.jpg 36w, https:\/\/blogsaverroes.juntadeandalucia.es\/iesaljanadic\/files\/2018\/12\/thumbnail-9-1-48x36.jpg 48w, https:\/\/blogsaverroes.juntadeandalucia.es\/iesaljanadic\/files\/2018\/12\/thumbnail-9-1.jpg 1080w\" sizes=\"(max-width: 300px) 100vw, 300px\" \/><\/a> <a href=\"https:\/\/blogsaverroes.juntadeandalucia.es\/iesaljanadic\/files\/2018\/12\/thumbnail-10-1.jpg\"><img decoding=\"async\" class=\"alignnone size-medium wp-image-3343\" src=\"https:\/\/blogsaverroes.juntadeandalucia.es\/iesaljanadic\/files\/2018\/12\/thumbnail-10-1-300x223.jpg\" alt=\"\" width=\"300\" height=\"223\" srcset=\"https:\/\/blogsaverroes.juntadeandalucia.es\/iesaljanadic\/files\/2018\/12\/thumbnail-10-1-300x223.jpg 300w, https:\/\/blogsaverroes.juntadeandalucia.es\/iesaljanadic\/files\/2018\/12\/thumbnail-10-1-768x570.jpg 768w, https:\/\/blogsaverroes.juntadeandalucia.es\/iesaljanadic\/files\/2018\/12\/thumbnail-10-1-1024x759.jpg 1024w, https:\/\/blogsaverroes.juntadeandalucia.es\/iesaljanadic\/files\/2018\/12\/thumbnail-10-1-700x519.jpg 700w, https:\/\/blogsaverroes.juntadeandalucia.es\/iesaljanadic\/files\/2018\/12\/thumbnail-10-1-24x18.jpg 24w, https:\/\/blogsaverroes.juntadeandalucia.es\/iesaljanadic\/files\/2018\/12\/thumbnail-10-1-36x27.jpg 36w, https:\/\/blogsaverroes.juntadeandalucia.es\/iesaljanadic\/files\/2018\/12\/thumbnail-10-1-48x36.jpg 48w, https:\/\/blogsaverroes.juntadeandalucia.es\/iesaljanadic\/files\/2018\/12\/thumbnail-10-1.jpg 1080w\" sizes=\"(max-width: 300px) 100vw, 300px\" \/><\/a> <a href=\"https:\/\/blogsaverroes.juntadeandalucia.es\/iesaljanadic\/files\/2018\/12\/thumbnail-11-1.jpg\"><img loading=\"lazy\" decoding=\"async\" class=\"alignnone size-medium wp-image-3344\" src=\"https:\/\/blogsaverroes.juntadeandalucia.es\/iesaljanadic\/files\/2018\/12\/thumbnail-11-1-300x223.jpg\" alt=\"\" width=\"300\" height=\"223\" srcset=\"https:\/\/blogsaverroes.juntadeandalucia.es\/iesaljanadic\/files\/2018\/12\/thumbnail-11-1-300x223.jpg 300w, https:\/\/blogsaverroes.juntadeandalucia.es\/iesaljanadic\/files\/2018\/12\/thumbnail-11-1-768x570.jpg 768w, https:\/\/blogsaverroes.juntadeandalucia.es\/iesaljanadic\/files\/2018\/12\/thumbnail-11-1-1024x759.jpg 1024w, https:\/\/blogsaverroes.juntadeandalucia.es\/iesaljanadic\/files\/2018\/12\/thumbnail-11-1-700x519.jpg 700w, https:\/\/blogsaverroes.juntadeandalucia.es\/iesaljanadic\/files\/2018\/12\/thumbnail-11-1-24x18.jpg 24w, https:\/\/blogsaverroes.juntadeandalucia.es\/iesaljanadic\/files\/2018\/12\/thumbnail-11-1-36x27.jpg 36w, https:\/\/blogsaverroes.juntadeandalucia.es\/iesaljanadic\/files\/2018\/12\/thumbnail-11-1-48x36.jpg 48w, https:\/\/blogsaverroes.juntadeandalucia.es\/iesaljanadic\/files\/2018\/12\/thumbnail-11-1.jpg 1080w\" sizes=\"(max-width: 300px) 100vw, 300px\" \/><\/a> <a href=\"https:\/\/blogsaverroes.juntadeandalucia.es\/iesaljanadic\/files\/2018\/12\/thumbnail-12-1.jpg\"><img loading=\"lazy\" decoding=\"async\" class=\"alignnone size-medium wp-image-3345\" src=\"https:\/\/blogsaverroes.juntadeandalucia.es\/iesaljanadic\/files\/2018\/12\/thumbnail-12-1-300x223.jpg\" alt=\"\" width=\"300\" height=\"223\" srcset=\"https:\/\/blogsaverroes.juntadeandalucia.es\/iesaljanadic\/files\/2018\/12\/thumbnail-12-1-300x223.jpg 300w, https:\/\/blogsaverroes.juntadeandalucia.es\/iesaljanadic\/files\/2018\/12\/thumbnail-12-1-768x570.jpg 768w, https:\/\/blogsaverroes.juntadeandalucia.es\/iesaljanadic\/files\/2018\/12\/thumbnail-12-1-1024x759.jpg 1024w, https:\/\/blogsaverroes.juntadeandalucia.es\/iesaljanadic\/files\/2018\/12\/thumbnail-12-1-700x519.jpg 700w, https:\/\/blogsaverroes.juntadeandalucia.es\/iesaljanadic\/files\/2018\/12\/thumbnail-12-1-24x18.jpg 24w, https:\/\/blogsaverroes.juntadeandalucia.es\/iesaljanadic\/files\/2018\/12\/thumbnail-12-1-36x27.jpg 36w, https:\/\/blogsaverroes.juntadeandalucia.es\/iesaljanadic\/files\/2018\/12\/thumbnail-12-1-48x36.jpg 48w, https:\/\/blogsaverroes.juntadeandalucia.es\/iesaljanadic\/files\/2018\/12\/thumbnail-12-1.jpg 1080w\" sizes=\"(max-width: 300px) 100vw, 300px\" \/><\/a><\/p>\n","protected":false},"excerpt":{"rendered":"<p>El 21 de Diciembre se han entregado los premios de los concursos navide\u00f1os: Tarjetas Navide\u00f1as, Villancicos, Relatos Navide\u00f1os Concursos organizados por los departamentos de Educaci\u00f3n Pl\u00e1stica, M\u00fasica y Lengua. Con la colaboraci\u00f3n de la&#46;&#46;&#46;<\/p>\n","protected":false},"author":2884,"featured_media":3334,"comment_status":"open","ping_status":"open","sticky":false,"template":"","format":"standard","meta":{"ngg_post_thumbnail":0,"footnotes":""},"categories":[25493,3981,25505,25507,1696,526],"tags":[],"aioseo_notices":[],"_links":{"self":[{"href":"https:\/\/blogsaverroes.juntadeandalucia.es\/iesaljanadic\/wp-json\/wp\/v2\/posts\/3333"}],"collection":[{"href":"https:\/\/blogsaverroes.juntadeandalucia.es\/iesaljanadic\/wp-json\/wp\/v2\/posts"}],"about":[{"href":"https:\/\/blogsaverroes.juntadeandalucia.es\/iesaljanadic\/wp-json\/wp\/v2\/types\/post"}],"author":[{"embeddable":true,"href":"https:\/\/blogsaverroes.juntadeandalucia.es\/iesaljanadic\/wp-json\/wp\/v2\/users\/2884"}],"replies":[{"embeddable":true,"href":"https:\/\/blogsaverroes.juntadeandalucia.es\/iesaljanadic\/wp-json\/wp\/v2\/comments?post=3333"}],"version-history":[{"count":1,"href":"https:\/\/blogsaverroes.juntadeandalucia.es\/iesaljanadic\/wp-json\/wp\/v2\/posts\/3333\/revisions"}],"predecessor-version":[{"id":3346,"href":"https:\/\/blogsaverroes.juntadeandalucia.es\/iesaljanadic\/wp-json\/wp\/v2\/posts\/3333\/revisions\/3346"}],"wp:featuredmedia":[{"embeddable":true,"href":"https:\/\/blogsaverroes.juntadeandalucia.es\/iesaljanadic\/wp-json\/wp\/v2\/media\/3334"}],"wp:attachment":[{"href":"https:\/\/blogsaverroes.juntadeandalucia.es\/iesaljanadic\/wp-json\/wp\/v2\/media?parent=3333"}],"wp:term":[{"taxonomy":"category","embeddable":true,"href":"https:\/\/blogsaverroes.juntadeandalucia.es\/iesaljanadic\/wp-json\/wp\/v2\/categories?post=3333"},{"taxonomy":"post_tag","embeddable":true,"href":"https:\/\/blogsaverroes.juntadeandalucia.es\/iesaljanadic\/wp-json\/wp\/v2\/tags?post=3333"}],"curies":[{"name":"wp","href":"https:\/\/api.w.org\/{rel}","templated":true}]}}