{"id":4921,"date":"2022-11-29T11:57:33","date_gmt":"2022-11-29T11:57:33","guid":{"rendered":"https:\/\/blogsaverroes.juntadeandalucia.es\/iesaljanadic\/?p=4921"},"modified":"2022-11-29T11:59:06","modified_gmt":"2022-11-29T11:59:06","slug":"25n","status":"publish","type":"post","link":"https:\/\/blogsaverroes.juntadeandalucia.es\/iesaljanadic\/2022\/11\/29\/25n\/","title":{"rendered":"25N"},"content":{"rendered":"\t\t<div data-elementor-type=\"wp-post\" data-elementor-id=\"4921\" class=\"elementor elementor-4921\">\n\t\t\t\t\t\t<section class=\"elementor-section elementor-top-section elementor-element elementor-element-4441485a elementor-section-boxed elementor-section-height-default elementor-section-height-default\" data-id=\"4441485a\" data-element_type=\"section\">\n\t\t\t\t\t\t<div class=\"elementor-container elementor-column-gap-default\">\n\t\t\t\t\t<div class=\"elementor-column elementor-col-100 elementor-top-column elementor-element elementor-element-73b6bda2\" data-id=\"73b6bda2\" data-element_type=\"column\">\n\t\t\t<div class=\"elementor-widget-wrap elementor-element-populated\">\n\t\t\t\t\t\t<div class=\"elementor-element elementor-element-a57124a elementor-widget elementor-widget-text-editor\" data-id=\"a57124a\" data-element_type=\"widget\" data-widget_type=\"text-editor.default\">\n\t\t\t\t<div class=\"elementor-widget-container\">\n\t\t\t\t\t\t\t\t\tCon motivo de la celebraci\u00f3n del 25N, nuestro alumnado de la ESO y FPB\u00e1sica ha realizado un acto en el patio del centro en el que se ha le\u00eddo un manifiesto en espa\u00f1ol y en ingl\u00e9s en contra de la Violencia Contra las Mujeres.\t\t\t\t\t\t\t\t<\/div>\n\t\t\t\t<\/div>\n\t\t\t\t\t<\/div>\n\t\t<\/div>\n\t\t\t\t\t<\/div>\n\t\t<\/section>\n\t\t\t\t<section class=\"elementor-section elementor-top-section elementor-element elementor-element-2a9ea9c elementor-section-boxed elementor-section-height-default elementor-section-height-default\" data-id=\"2a9ea9c\" data-element_type=\"section\">\n\t\t\t\t\t\t<div class=\"elementor-container elementor-column-gap-default\">\n\t\t\t\t\t<div class=\"elementor-column elementor-col-100 elementor-top-column elementor-element elementor-element-d639ea5\" data-id=\"d639ea5\" data-element_type=\"column\">\n\t\t\t<div class=\"elementor-widget-wrap elementor-element-populated\">\n\t\t\t\t\t\t<div class=\"elementor-element elementor-element-ee73710 elementor-widget elementor-widget-image\" data-id=\"ee73710\" data-element_type=\"widget\" data-widget_type=\"image.default\">\n\t\t\t\t<div class=\"elementor-widget-container\">\n\t\t\t\t\t\t\t\t\t\t\t\t\t\t\t<img fetchpriority=\"high\" decoding=\"async\" width=\"1024\" height=\"768\" src=\"https:\/\/blogsaverroes.juntadeandalucia.es\/iesaljanadic\/files\/2022\/11\/8c115fbd-29a6-4fb3-afad-ccfb1c7be127-1024x768.jpg\" class=\"attachment-large size-large wp-image-4924\" alt=\"\" srcset=\"https:\/\/blogsaverroes.juntadeandalucia.es\/iesaljanadic\/files\/2022\/11\/8c115fbd-29a6-4fb3-afad-ccfb1c7be127-1024x768.jpg 1024w, https:\/\/blogsaverroes.juntadeandalucia.es\/iesaljanadic\/files\/2022\/11\/8c115fbd-29a6-4fb3-afad-ccfb1c7be127-300x225.jpg 300w, https:\/\/blogsaverroes.juntadeandalucia.es\/iesaljanadic\/files\/2022\/11\/8c115fbd-29a6-4fb3-afad-ccfb1c7be127-768x576.jpg 768w, https:\/\/blogsaverroes.juntadeandalucia.es\/iesaljanadic\/files\/2022\/11\/8c115fbd-29a6-4fb3-afad-ccfb1c7be127-1536x1152.jpg 1536w, https:\/\/blogsaverroes.juntadeandalucia.es\/iesaljanadic\/files\/2022\/11\/8c115fbd-29a6-4fb3-afad-ccfb1c7be127-700x525.jpg 700w, https:\/\/blogsaverroes.juntadeandalucia.es\/iesaljanadic\/files\/2022\/11\/8c115fbd-29a6-4fb3-afad-ccfb1c7be127.jpg 1600w\" sizes=\"(max-width: 1024px) 100vw, 1024px\" \/>\t\t\t\t\t\t\t\t\t\t\t\t\t\t\t<\/div>\n\t\t\t\t<\/div>\n\t\t\t\t\t<\/div>\n\t\t<\/div>\n\t\t\t\t\t<\/div>\n\t\t<\/section>\n\t\t\t\t<section class=\"elementor-section elementor-top-section elementor-element elementor-element-c1ab67b elementor-section-boxed elementor-section-height-default elementor-section-height-default\" data-id=\"c1ab67b\" data-element_type=\"section\">\n\t\t\t\t\t\t<div class=\"elementor-container elementor-column-gap-default\">\n\t\t\t\t\t<div class=\"elementor-column elementor-col-100 elementor-top-column elementor-element elementor-element-45628e6\" data-id=\"45628e6\" data-element_type=\"column\">\n\t\t\t<div class=\"elementor-widget-wrap elementor-element-populated\">\n\t\t\t\t\t\t<div class=\"elementor-element elementor-element-e2b2ce2 elementor-widget elementor-widget-image\" data-id=\"e2b2ce2\" data-element_type=\"widget\" data-widget_type=\"image.default\">\n\t\t\t\t<div class=\"elementor-widget-container\">\n\t\t\t\t\t\t\t\t\t\t\t\t\t\t\t<img decoding=\"async\" width=\"1024\" height=\"768\" src=\"https:\/\/blogsaverroes.juntadeandalucia.es\/iesaljanadic\/files\/2022\/11\/IMG_4123-1024x768.jpg\" class=\"attachment-large size-large wp-image-4925\" alt=\"\" srcset=\"https:\/\/blogsaverroes.juntadeandalucia.es\/iesaljanadic\/files\/2022\/11\/IMG_4123-1024x768.jpg 1024w, https:\/\/blogsaverroes.juntadeandalucia.es\/iesaljanadic\/files\/2022\/11\/IMG_4123-300x225.jpg 300w, https:\/\/blogsaverroes.juntadeandalucia.es\/iesaljanadic\/files\/2022\/11\/IMG_4123-768x576.jpg 768w, https:\/\/blogsaverroes.juntadeandalucia.es\/iesaljanadic\/files\/2022\/11\/IMG_4123-1536x1152.jpg 1536w, https:\/\/blogsaverroes.juntadeandalucia.es\/iesaljanadic\/files\/2022\/11\/IMG_4123-2048x1536.jpg 2048w, https:\/\/blogsaverroes.juntadeandalucia.es\/iesaljanadic\/files\/2022\/11\/IMG_4123-700x525.jpg 700w, https:\/\/blogsaverroes.juntadeandalucia.es\/iesaljanadic\/files\/2022\/11\/IMG_4123-scaled.jpg 1600w\" sizes=\"(max-width: 1024px) 100vw, 1024px\" \/>\t\t\t\t\t\t\t\t\t\t\t\t\t\t\t<\/div>\n\t\t\t\t<\/div>\n\t\t\t\t\t<\/div>\n\t\t<\/div>\n\t\t\t\t\t<\/div>\n\t\t<\/section>\n\t\t\t\t<section class=\"elementor-section elementor-top-section elementor-element elementor-element-837326b elementor-section-boxed elementor-section-height-default elementor-section-height-default\" data-id=\"837326b\" data-element_type=\"section\">\n\t\t\t\t\t\t<div class=\"elementor-container elementor-column-gap-default\">\n\t\t\t\t\t<div class=\"elementor-column elementor-col-100 elementor-top-column elementor-element elementor-element-c50b348\" data-id=\"c50b348\" data-element_type=\"column\">\n\t\t\t<div class=\"elementor-widget-wrap elementor-element-populated\">\n\t\t\t\t\t\t<div class=\"elementor-element elementor-element-99c04c1 elementor-widget elementor-widget-image\" data-id=\"99c04c1\" data-element_type=\"widget\" data-widget_type=\"image.default\">\n\t\t\t\t<div class=\"elementor-widget-container\">\n\t\t\t\t\t\t\t\t\t\t\t\t\t\t\t<img decoding=\"async\" width=\"1024\" height=\"768\" src=\"https:\/\/blogsaverroes.juntadeandalucia.es\/iesaljanadic\/files\/2022\/11\/IMG_4128-1024x768.jpg\" class=\"attachment-large size-large wp-image-4926\" alt=\"\" srcset=\"https:\/\/blogsaverroes.juntadeandalucia.es\/iesaljanadic\/files\/2022\/11\/IMG_4128-1024x768.jpg 1024w, https:\/\/blogsaverroes.juntadeandalucia.es\/iesaljanadic\/files\/2022\/11\/IMG_4128-300x225.jpg 300w, https:\/\/blogsaverroes.juntadeandalucia.es\/iesaljanadic\/files\/2022\/11\/IMG_4128-768x576.jpg 768w, https:\/\/blogsaverroes.juntadeandalucia.es\/iesaljanadic\/files\/2022\/11\/IMG_4128-1536x1152.jpg 1536w, https:\/\/blogsaverroes.juntadeandalucia.es\/iesaljanadic\/files\/2022\/11\/IMG_4128-2048x1536.jpg 2048w, https:\/\/blogsaverroes.juntadeandalucia.es\/iesaljanadic\/files\/2022\/11\/IMG_4128-700x525.jpg 700w, https:\/\/blogsaverroes.juntadeandalucia.es\/iesaljanadic\/files\/2022\/11\/IMG_4128-scaled.jpg 1600w\" sizes=\"(max-width: 1024px) 100vw, 1024px\" \/>\t\t\t\t\t\t\t\t\t\t\t\t\t\t\t<\/div>\n\t\t\t\t<\/div>\n\t\t\t\t\t<\/div>\n\t\t<\/div>\n\t\t\t\t\t<\/div>\n\t\t<\/section>\n\t\t\t\t<section class=\"elementor-section elementor-top-section elementor-element elementor-element-11c060f elementor-section-boxed elementor-section-height-default elementor-section-height-default\" data-id=\"11c060f\" data-element_type=\"section\">\n\t\t\t\t\t\t<div class=\"elementor-container elementor-column-gap-default\">\n\t\t\t\t\t<div class=\"elementor-column elementor-col-100 elementor-top-column elementor-element elementor-element-d546d47\" data-id=\"d546d47\" data-element_type=\"column\">\n\t\t\t<div class=\"elementor-widget-wrap elementor-element-populated\">\n\t\t\t\t\t\t<div class=\"elementor-element elementor-element-b648a32 elementor-widget elementor-widget-video\" data-id=\"b648a32\" data-element_type=\"widget\" data-settings=\"{&quot;video_type&quot;:&quot;hosted&quot;,&quot;controls&quot;:&quot;yes&quot;}\" data-widget_type=\"video.default\">\n\t\t\t\t<div class=\"elementor-widget-container\">\n\t\t\t\t\t\t\t<div class=\"e-hosted-video elementor-wrapper elementor-open-inline\">\n\t\t\t\t\t<video class=\"elementor-video\" src=\"https:\/\/blogsaverroes.juntadeandalucia.es\/iesaljanadic\/files\/2022\/11\/6f2a8faa-d8ee-47f1-8233-9ec9eeca4063.mp4\" controls=\"\" preload=\"metadata\" controlsList=\"nodownload\"><\/video>\n\t\t\t\t<\/div>\n\t\t\t\t\t\t<\/div>\n\t\t\t\t<\/div>\n\t\t\t\t\t<\/div>\n\t\t<\/div>\n\t\t\t\t\t<\/div>\n\t\t<\/section>\n\t\t\t\t<section class=\"elementor-section elementor-top-section elementor-element elementor-element-5e458ad elementor-section-boxed elementor-section-height-default elementor-section-height-default\" data-id=\"5e458ad\" data-element_type=\"section\">\n\t\t\t\t\t\t<div class=\"elementor-container elementor-column-gap-default\">\n\t\t\t\t\t<div class=\"elementor-column elementor-col-100 elementor-top-column elementor-element elementor-element-9d1b024\" data-id=\"9d1b024\" data-element_type=\"column\">\n\t\t\t<div class=\"elementor-widget-wrap elementor-element-populated\">\n\t\t\t\t\t\t<div class=\"elementor-element elementor-element-d3afaa4 elementor-widget elementor-widget-video\" data-id=\"d3afaa4\" data-element_type=\"widget\" data-settings=\"{&quot;video_type&quot;:&quot;hosted&quot;,&quot;controls&quot;:&quot;yes&quot;}\" data-widget_type=\"video.default\">\n\t\t\t\t<div class=\"elementor-widget-container\">\n\t\t\t\t\t\t\t<div class=\"e-hosted-video elementor-wrapper elementor-open-inline\">\n\t\t\t\t\t<video class=\"elementor-video\" src=\"https:\/\/blogsaverroes.juntadeandalucia.es\/iesaljanadic\/files\/2022\/11\/4bc64f33-7158-4496-839d-e22618d96b39.mp4\" controls=\"\" preload=\"metadata\" controlsList=\"nodownload\"><\/video>\n\t\t\t\t<\/div>\n\t\t\t\t\t\t<\/div>\n\t\t\t\t<\/div>\n\t\t\t\t\t<\/div>\n\t\t<\/div>\n\t\t\t\t\t<\/div>\n\t\t<\/section>\n\t\t\t\t<\/div>\n\t\t","protected":false},"excerpt":{"rendered":"<p>Con motivo de la celebraci\u00f3n del 25N, nuestro alumnado de la ESO y FPB\u00e1sica ha realizado un acto en el patio del centro en el que se ha le\u00eddo un manifiesto en espa\u00f1ol y&#46;&#46;&#46;<\/p>\n","protected":false},"author":2884,"featured_media":4924,"comment_status":"open","ping_status":"open","sticky":false,"template":"","format":"standard","meta":{"ngg_post_thumbnail":0,"footnotes":""},"categories":[526],"tags":[],"aioseo_notices":[],"_links":{"self":[{"href":"https:\/\/blogsaverroes.juntadeandalucia.es\/iesaljanadic\/wp-json\/wp\/v2\/posts\/4921"}],"collection":[{"href":"https:\/\/blogsaverroes.juntadeandalucia.es\/iesaljanadic\/wp-json\/wp\/v2\/posts"}],"about":[{"href":"https:\/\/blogsaverroes.juntadeandalucia.es\/iesaljanadic\/wp-json\/wp\/v2\/types\/post"}],"author":[{"embeddable":true,"href":"https:\/\/blogsaverroes.juntadeandalucia.es\/iesaljanadic\/wp-json\/wp\/v2\/users\/2884"}],"replies":[{"embeddable":true,"href":"https:\/\/blogsaverroes.juntadeandalucia.es\/iesaljanadic\/wp-json\/wp\/v2\/comments?post=4921"}],"version-history":[{"count":3,"href":"https:\/\/blogsaverroes.juntadeandalucia.es\/iesaljanadic\/wp-json\/wp\/v2\/posts\/4921\/revisions"}],"predecessor-version":[{"id":4929,"href":"https:\/\/blogsaverroes.juntadeandalucia.es\/iesaljanadic\/wp-json\/wp\/v2\/posts\/4921\/revisions\/4929"}],"wp:featuredmedia":[{"embeddable":true,"href":"https:\/\/blogsaverroes.juntadeandalucia.es\/iesaljanadic\/wp-json\/wp\/v2\/media\/4924"}],"wp:attachment":[{"href":"https:\/\/blogsaverroes.juntadeandalucia.es\/iesaljanadic\/wp-json\/wp\/v2\/media?parent=4921"}],"wp:term":[{"taxonomy":"category","embeddable":true,"href":"https:\/\/blogsaverroes.juntadeandalucia.es\/iesaljanadic\/wp-json\/wp\/v2\/categories?post=4921"},{"taxonomy":"post_tag","embeddable":true,"href":"https:\/\/blogsaverroes.juntadeandalucia.es\/iesaljanadic\/wp-json\/wp\/v2\/tags?post=4921"}],"curies":[{"name":"wp","href":"https:\/\/api.w.org\/{rel}","templated":true}]}}