{"id":1333,"date":"2024-07-23T10:00:35","date_gmt":"2024-07-23T08:00:35","guid":{"rendered":"https:\/\/blogsaverroes.juntadeandalucia.es\/iesalmiceran\/?p=1333"},"modified":"2024-07-24T14:53:33","modified_gmt":"2024-07-24T12:53:33","slug":"erasmus-jaen","status":"publish","type":"post","link":"https:\/\/blogsaverroes.juntadeandalucia.es\/iesalmiceran\/erasmus-jaen\/","title":{"rendered":"ERASMUS JAEN+ VIII"},"content":{"rendered":"<p>[et_pb_section fb_built=&#8221;1&#8243; _builder_version=&#8221;4.16&#8243; custom_padding=&#8221;0px||0px|&#8221; z_index_tablet=&#8221;500&#8243; box_shadow_horizontal_tablet=&#8221;0px&#8221; box_shadow_vertical_tablet=&#8221;0px&#8221; box_shadow_blur_tablet=&#8221;40px&#8221; box_shadow_spread_tablet=&#8221;0px&#8221; global_colors_info=&#8221;{}&#8221;][et_pb_row _builder_version=&#8221;4.16&#8243; custom_margin=&#8221;-10px|||&#8221; z_index_tablet=&#8221;500&#8243; box_shadow_horizontal_tablet=&#8221;0px&#8221; box_shadow_vertical_tablet=&#8221;0px&#8221; box_shadow_blur_tablet=&#8221;40px&#8221; box_shadow_spread_tablet=&#8221;0px&#8221; global_colors_info=&#8221;{}&#8221;][et_pb_column type=&#8221;4_4&#8243; _builder_version=&#8221;4.16&#8243; custom_padding=&#8221;|||&#8221; global_colors_info=&#8221;{}&#8221; custom_padding__hover=&#8221;|||&#8221;][et_pb_text admin_label=&#8221;Texto descriptivo&#8221; _builder_version=&#8221;4.24.2&#8243; z_index_tablet=&#8221;500&#8243; text_text_shadow_horizontal_length_tablet=&#8221;0px&#8221; text_text_shadow_vertical_length_tablet=&#8221;0px&#8221; text_text_shadow_blur_strength_tablet=&#8221;1px&#8221; link_text_shadow_horizontal_length_tablet=&#8221;0px&#8221; link_text_shadow_vertical_length_tablet=&#8221;0px&#8221; link_text_shadow_blur_strength_tablet=&#8221;1px&#8221; ul_text_shadow_horizontal_length_tablet=&#8221;0px&#8221; ul_text_shadow_vertical_length_tablet=&#8221;0px&#8221; ul_text_shadow_blur_strength_tablet=&#8221;1px&#8221; ol_text_shadow_horizontal_length_tablet=&#8221;0px&#8221; ol_text_shadow_vertical_length_tablet=&#8221;0px&#8221; ol_text_shadow_blur_strength_tablet=&#8221;1px&#8221; quote_text_shadow_horizontal_length_tablet=&#8221;0px&#8221; quote_text_shadow_vertical_length_tablet=&#8221;0px&#8221; quote_text_shadow_blur_strength_tablet=&#8221;1px&#8221; header_text_shadow_horizontal_length_tablet=&#8221;0px&#8221; header_text_shadow_vertical_length_tablet=&#8221;0px&#8221; header_text_shadow_blur_strength_tablet=&#8221;1px&#8221; header_2_text_shadow_horizontal_length_tablet=&#8221;0px&#8221; header_2_text_shadow_vertical_length_tablet=&#8221;0px&#8221; header_2_text_shadow_blur_strength_tablet=&#8221;1px&#8221; header_3_text_shadow_horizontal_length_tablet=&#8221;0px&#8221; header_3_text_shadow_vertical_length_tablet=&#8221;0px&#8221; header_3_text_shadow_blur_strength_tablet=&#8221;1px&#8221; header_4_text_shadow_horizontal_length_tablet=&#8221;0px&#8221; header_4_text_shadow_vertical_length_tablet=&#8221;0px&#8221; header_4_text_shadow_blur_strength_tablet=&#8221;1px&#8221; header_5_text_shadow_horizontal_length_tablet=&#8221;0px&#8221; header_5_text_shadow_vertical_length_tablet=&#8221;0px&#8221; header_5_text_shadow_blur_strength_tablet=&#8221;1px&#8221; header_6_text_shadow_horizontal_length_tablet=&#8221;0px&#8221; header_6_text_shadow_vertical_length_tablet=&#8221;0px&#8221; header_6_text_shadow_blur_strength_tablet=&#8221;1px&#8221; box_shadow_horizontal_tablet=&#8221;0px&#8221; box_shadow_vertical_tablet=&#8221;0px&#8221; box_shadow_blur_tablet=&#8221;40px&#8221; box_shadow_spread_tablet=&#8221;0px&#8221; global_colors_info=&#8221;{}&#8221;]<\/p>\n<p><span style=\"font-size: x-large\">Publicaci\u00f3n de las bases de la convocatoria de subvenciones y de selecci\u00f3n de participantes en el proyecto de movilidad &#8220;Ja\u00e9n+VIII: Formaci\u00f3n Profesional con plus en Europa&#8221;.<\/span><\/p>\n<p><span style=\"font-size: x-large\">Se procede a la difusi\u00f3n en nuestro centro para informar tanto al alumnado como a sus familias.<br \/>Plazo de presentaci\u00f3n de solicitudes:<br \/>Desde el d\u00eda 10\/04\/2024 hasta el d\u00eda 08\/05\/2024<br \/>Los anexos de la solicitud est\u00e1n disponibles en la web de la Diputaci\u00f3n de Ja\u00e9n.<\/span><\/p>\n<p><span style=\"font-size: x-large\">Enlace a <a href=\"https:\/\/www.dipujaen.es\/conoce-diputacion\/areas-organismos-empresas\/areaJ\/proyectos-europeos\/jaen-viii\/\">INFORMACI\u00d3N DE LA DIPUTACI\u00d3N<\/a>.<\/span><span style=\"font-size: x-large\"><\/span><\/p>\n<p><span style=\"font-size: x-large\">Enlace a <a href=\"http:\/\/www.sepie.es\">SEPIE<\/a>.<\/span><\/p>\n<p><a href=\"https:\/\/blogsaverroes.juntadeandalucia.es\/iesalmiceran\/files\/2023\/05\/CARTEL_JAENx.pdf\"><span style=\"font-size: x-large\"> CARTEL<\/span><\/a><\/p>\n<p><a href=\"https:\/\/blogsaverroes.juntadeandalucia.es\/iesalmiceran\/files\/2024\/07\/Resolucion-provisional-jaen.pdf\"><span style=\"font-size: x-large\">Propuesta de Resoluci\u00f3n Provisional (23 de julio de 2024)<\/span><\/a><\/p>\n<p><span style=\"font-size: x-large\"><\/span><\/p>\n<p>[\/et_pb_text][\/et_pb_column][\/et_pb_row][\/et_pb_section]<\/p>\n","protected":false},"excerpt":{"rendered":"<p>Publicaci\u00f3n de las bases de la convocatoria de subvenciones y de selecci\u00f3n de participantes en el proyecto de movilidad &#8220;Ja\u00e9n+VIII: Formaci\u00f3n Profesional con plus en Europa&#8221;. Se procede a la difusi\u00f3n en nuestro centro para informar tanto al alumnado como a sus familias.Plazo de presentaci\u00f3n de solicitudes:Desde el d\u00eda 10\/04\/2024 hasta el d\u00eda 08\/05\/2024Los anexos [&hellip;]<\/p>\n","protected":false},"author":12085,"featured_media":1800,"comment_status":"closed","ping_status":"open","sticky":false,"template":"","format":"standard","meta":{"_et_pb_use_builder":"on","_et_pb_old_content":"","_et_gb_content_width":"","ngg_post_thumbnail":0,"footnotes":""},"categories":[4,5,1],"tags":[],"aioseo_notices":[],"_links":{"self":[{"href":"https:\/\/blogsaverroes.juntadeandalucia.es\/iesalmiceran\/wp-json\/wp\/v2\/posts\/1333"}],"collection":[{"href":"https:\/\/blogsaverroes.juntadeandalucia.es\/iesalmiceran\/wp-json\/wp\/v2\/posts"}],"about":[{"href":"https:\/\/blogsaverroes.juntadeandalucia.es\/iesalmiceran\/wp-json\/wp\/v2\/types\/post"}],"author":[{"embeddable":true,"href":"https:\/\/blogsaverroes.juntadeandalucia.es\/iesalmiceran\/wp-json\/wp\/v2\/users\/12085"}],"replies":[{"embeddable":true,"href":"https:\/\/blogsaverroes.juntadeandalucia.es\/iesalmiceran\/wp-json\/wp\/v2\/comments?post=1333"}],"version-history":[{"count":21,"href":"https:\/\/blogsaverroes.juntadeandalucia.es\/iesalmiceran\/wp-json\/wp\/v2\/posts\/1333\/revisions"}],"predecessor-version":[{"id":2063,"href":"https:\/\/blogsaverroes.juntadeandalucia.es\/iesalmiceran\/wp-json\/wp\/v2\/posts\/1333\/revisions\/2063"}],"wp:featuredmedia":[{"embeddable":true,"href":"https:\/\/blogsaverroes.juntadeandalucia.es\/iesalmiceran\/wp-json\/wp\/v2\/media\/1800"}],"wp:attachment":[{"href":"https:\/\/blogsaverroes.juntadeandalucia.es\/iesalmiceran\/wp-json\/wp\/v2\/media?parent=1333"}],"wp:term":[{"taxonomy":"category","embeddable":true,"href":"https:\/\/blogsaverroes.juntadeandalucia.es\/iesalmiceran\/wp-json\/wp\/v2\/categories?post=1333"},{"taxonomy":"post_tag","embeddable":true,"href":"https:\/\/blogsaverroes.juntadeandalucia.es\/iesalmiceran\/wp-json\/wp\/v2\/tags?post=1333"}],"curies":[{"name":"wp","href":"https:\/\/api.w.org\/{rel}","templated":true}]}}