{"id":3621,"date":"2020-02-25T17:54:00","date_gmt":"2020-02-25T17:54:00","guid":{"rendered":"http:\/\/blogsaverroes.juntadeandalucia.es\/iesalquivira\/?p=3621"},"modified":"2020-02-25T18:02:22","modified_gmt":"2020-02-25T18:02:22","slug":"3621","status":"publish","type":"post","link":"https:\/\/blogsaverroes.juntadeandalucia.es\/iesalquivira\/2020\/02\/25\/3621\/","title":{"rendered":"\u00a1Ol\u00e9! \u00a1Ol\u00e9! por la implicaci\u00f3n del Profesorado en la celebraci\u00f3n del D\u00eda de Andaluc\u00eda"},"content":{"rendered":"<p style=\"text-align: center\"><strong>La bandera y el top\u00f3nimo.<\/strong><\/p>\n<p>La composici\u00f3n de tres franjas horizontales -verde, blanca y verde- que forman la bandera fue aprobada por la Asamblea de Ronda en 1918. Y es que sus colores evocan tonalidades del paisaje andaluz, y simbolizan los valores de la pureza y la esperanza en el futuro.<\/p>\n<p>En su franja blanca, tiene escudo con la leyenda : \u201cAndaluc\u00eda por s\u00ed, para Espa\u00f1a y la Humanidad\u201d. Est\u00e1 integrado por la figura de un H\u00e9rcules que sujeta a dos leones entre columnas.<\/p>\n<p>En cuanto al top\u00f3nimo \u201cAndaluc\u00eda\u201d, se introdujo en la lengua castellana durante el siglo XIII bajo la forma \u201cel Andaluc\u00eda\u201d. Se trata de la castellanizaci\u00f3n de al-Andalusiya, gentilicio y adjetivo \u00e1rabe referido a al-\u00c1ndalus -nombre que recib\u00edan los territorios de la pen\u00ednsula Ib\u00e9rica bajo el gobierno isl\u00e1mico desde el 711 al 1492.<\/p>\n<p style=\"text-align: center\"><a href=\"https:\/\/blogsaverroes.juntadeandalucia.es\/iesalquivira\/files\/2020\/02\/Bandera-Andalucia.jpg\"><img loading=\"lazy\" decoding=\"async\" class=\"alignnone size-full wp-image-3632\" src=\"https:\/\/blogsaverroes.juntadeandalucia.es\/iesalquivira\/files\/2020\/02\/Bandera-Andalucia.jpg\" alt=\"\" width=\"290\" height=\"174\" srcset=\"https:\/\/blogsaverroes.juntadeandalucia.es\/iesalquivira\/files\/2020\/02\/Bandera-Andalucia.jpg 290w, https:\/\/blogsaverroes.juntadeandalucia.es\/iesalquivira\/files\/2020\/02\/Bandera-Andalucia-24x14.jpg 24w, https:\/\/blogsaverroes.juntadeandalucia.es\/iesalquivira\/files\/2020\/02\/Bandera-Andalucia-36x22.jpg 36w, https:\/\/blogsaverroes.juntadeandalucia.es\/iesalquivira\/files\/2020\/02\/Bandera-Andalucia-48x29.jpg 48w\" sizes=\"(max-width: 290px) 100vw, 290px\" \/><\/a><\/p>\n<p style=\"text-align: center\">&nbsp;<\/p>\n<p style=\"text-align: center\">&nbsp;<\/p>\n<p style=\"text-align: right\">&nbsp;<\/p>\n<p>&nbsp;<\/p>\n","protected":false},"excerpt":{"rendered":"<p>La bandera y el top\u00f3nimo. La composici\u00f3n de tres franjas horizontales -verde, blanca y verde- que forman la bandera fue aprobada por la Asamblea de&hellip;<\/p>\n","protected":false},"author":4435,"featured_media":3622,"comment_status":"closed","ping_status":"open","sticky":false,"template":"","format":"standard","meta":{"ngg_post_thumbnail":0,"footnotes":""},"categories":[11909],"tags":[],"aioseo_notices":[],"_links":{"self":[{"href":"https:\/\/blogsaverroes.juntadeandalucia.es\/iesalquivira\/wp-json\/wp\/v2\/posts\/3621"}],"collection":[{"href":"https:\/\/blogsaverroes.juntadeandalucia.es\/iesalquivira\/wp-json\/wp\/v2\/posts"}],"about":[{"href":"https:\/\/blogsaverroes.juntadeandalucia.es\/iesalquivira\/wp-json\/wp\/v2\/types\/post"}],"author":[{"embeddable":true,"href":"https:\/\/blogsaverroes.juntadeandalucia.es\/iesalquivira\/wp-json\/wp\/v2\/users\/4435"}],"replies":[{"embeddable":true,"href":"https:\/\/blogsaverroes.juntadeandalucia.es\/iesalquivira\/wp-json\/wp\/v2\/comments?post=3621"}],"version-history":[{"count":6,"href":"https:\/\/blogsaverroes.juntadeandalucia.es\/iesalquivira\/wp-json\/wp\/v2\/posts\/3621\/revisions"}],"predecessor-version":[{"id":3633,"href":"https:\/\/blogsaverroes.juntadeandalucia.es\/iesalquivira\/wp-json\/wp\/v2\/posts\/3621\/revisions\/3633"}],"wp:featuredmedia":[{"embeddable":true,"href":"https:\/\/blogsaverroes.juntadeandalucia.es\/iesalquivira\/wp-json\/wp\/v2\/media\/3622"}],"wp:attachment":[{"href":"https:\/\/blogsaverroes.juntadeandalucia.es\/iesalquivira\/wp-json\/wp\/v2\/media?parent=3621"}],"wp:term":[{"taxonomy":"category","embeddable":true,"href":"https:\/\/blogsaverroes.juntadeandalucia.es\/iesalquivira\/wp-json\/wp\/v2\/categories?post=3621"},{"taxonomy":"post_tag","embeddable":true,"href":"https:\/\/blogsaverroes.juntadeandalucia.es\/iesalquivira\/wp-json\/wp\/v2\/tags?post=3621"}],"curies":[{"name":"wp","href":"https:\/\/api.w.org\/{rel}","templated":true}]}}