{"id":1960,"date":"2025-04-23T17:14:17","date_gmt":"2025-04-23T17:14:17","guid":{"rendered":"https:\/\/blogsaverroes.juntadeandalucia.es\/iesaltoalmanzora\/?p=1960"},"modified":"2025-06-17T17:24:11","modified_gmt":"2025-06-17T17:24:11","slug":"intercambio-con-el-college-marcel-bony-de-murat-le-quaire-departamento-frances-de-puy-de-dome-region-de-auvernia-2","status":"publish","type":"post","link":"https:\/\/blogsaverroes.juntadeandalucia.es\/iesaltoalmanzora\/2025\/04\/23\/intercambio-con-el-college-marcel-bony-de-murat-le-quaire-departamento-frances-de-puy-de-dome-region-de-auvernia-2\/","title":{"rendered":"Intercambio con el Coll\u00e8ge Marcel Bony de Murat-le-Quaire, (departamento franc\u00e9s de Puy- de-D\u00f4me, regi\u00f3n de Auvernia)"},"content":{"rendered":"<div class=\"xdj266r x14z9mp xat24cr x1lziwak x1vvkbs x126k92a\">\n<div dir=\"auto\"><span class=\"html-span xexx8yu xyri2b x18d9i69 x1c1uobl x1hl2dhg x16tdsg8 x1vvkbs x3nfvp2 x1j61x8r x1fcty0u xdj266r xat24cr xm2jcoa x1mpyi22 xxymvpz xlup9mm x1kky2od\"><img loading=\"lazy\" decoding=\"async\" class=\"xz74otr x15mokao x1ga7v0g x16uus16 xbiv7yw\" src=\"https:\/\/static.xx.fbcdn.net\/images\/emoji.php\/v9\/tc8\/1\/16\/1f1e8_1f1f5.png\" alt=\"\ud83c\udde8\ud83c\uddf5\" width=\"16\" height=\"16\"><\/span><span class=\"html-span xexx8yu xyri2b x18d9i69 x1c1uobl x1hl2dhg x16tdsg8 x1vvkbs x3nfvp2 x1j61x8r x1fcty0u xdj266r xat24cr xm2jcoa x1mpyi22 xxymvpz xlup9mm x1kky2od\"><img loading=\"lazy\" decoding=\"async\" class=\"xz74otr x15mokao x1ga7v0g x16uus16 xbiv7yw\" src=\"https:\/\/static.xx.fbcdn.net\/images\/emoji.php\/v9\/t93\/1\/16\/1f1ea_1f1e6.png\" alt=\"\ud83c\uddea\ud83c\udde6\" width=\"16\" height=\"16\"><\/span><\/div>\n<\/div>\n<div class=\"x14z9mp xat24cr x1lziwak x1vvkbs xtlvy1s x126k92a\">\n<div dir=\"auto\">Llegamos al final de nuestro intercambio. <span class=\"html-span xexx8yu xyri2b x18d9i69 x1c1uobl x1hl2dhg x16tdsg8 x1vvkbs x3nfvp2 x1j61x8r x1fcty0u xdj266r xat24cr xm2jcoa x1mpyi22 xxymvpz xlup9mm x1kky2od\"><img loading=\"lazy\" decoding=\"async\" class=\"xz74otr x15mokao x1ga7v0g x16uus16 xbiv7yw\" src=\"https:\/\/static.xx.fbcdn.net\/images\/emoji.php\/v9\/t71\/1\/16\/1f614.png\" alt=\"\ud83d\ude14\" width=\"16\" height=\"16\"><\/span><\/div>\n<\/div>\n<div class=\"x14z9mp xat24cr x1lziwak x1vvkbs xtlvy1s x126k92a\">\n<div dir=\"auto\">Durante los \u00faltimos d\u00edas, hemos disfrutado de las instalaciones deportivas del Coll\u00e8ge Marcel Bony, <span class=\"html-span xexx8yu xyri2b x18d9i69 x1c1uobl x1hl2dhg x16tdsg8 x1vvkbs x3nfvp2 x1j61x8r x1fcty0u xdj266r xat24cr xm2jcoa x1mpyi22 xxymvpz xlup9mm x1kky2od\"><img loading=\"lazy\" decoding=\"async\" class=\"xz74otr x15mokao x1ga7v0g x16uus16 xbiv7yw\" src=\"https:\/\/static.xx.fbcdn.net\/images\/emoji.php\/v9\/te\/1\/16\/1f93e_1f3fb_200d_2642.png\" alt=\"\ud83e\udd3e\ud83c\udffb\u200d\u2642\ufe0f\" width=\"16\" height=\"16\"><\/span><span class=\"html-span xexx8yu xyri2b x18d9i69 x1c1uobl x1hl2dhg x16tdsg8 x1vvkbs x3nfvp2 x1j61x8r x1fcty0u xdj266r xat24cr xm2jcoa x1mpyi22 xxymvpz xlup9mm x1kky2od\"><img loading=\"lazy\" decoding=\"async\" class=\"xz74otr x15mokao x1ga7v0g x16uus16 xbiv7yw\" src=\"https:\/\/static.xx.fbcdn.net\/images\/emoji.php\/v9\/t8e\/1\/16\/1f93e_1f3fd_200d_2640.png\" alt=\"\ud83e\udd3e\ud83c\udffd\u200d\u2640\ufe0f\" width=\"16\" height=\"16\"><\/span> hemos asistido a clases de Lat\u00edn, Ingl\u00e9s y Matem\u00e1ticas y hemos visitado Vulcania, un espectacular parque tem\u00e1tico sobre los impactantes fen\u00f3menos de la naturaleza. <span class=\"html-span xexx8yu xyri2b x18d9i69 x1c1uobl x1hl2dhg x16tdsg8 x1vvkbs x3nfvp2 x1j61x8r x1fcty0u xdj266r xat24cr xm2jcoa x1mpyi22 xxymvpz xlup9mm x1kky2od\"><img loading=\"lazy\" decoding=\"async\" class=\"xz74otr x15mokao x1ga7v0g x16uus16 xbiv7yw\" src=\"https:\/\/static.xx.fbcdn.net\/images\/emoji.php\/v9\/t3d\/1\/16\/1f30b.png\" alt=\"\ud83c\udf0b\" width=\"16\" height=\"16\"><\/span><span class=\"html-span xexx8yu xyri2b x18d9i69 x1c1uobl x1hl2dhg x16tdsg8 x1vvkbs x3nfvp2 x1j61x8r x1fcty0u xdj266r xat24cr xm2jcoa x1mpyi22 xxymvpz xlup9mm x1kky2od\"><img loading=\"lazy\" decoding=\"async\" class=\"xz74otr x15mokao x1ga7v0g x16uus16 xbiv7yw\" src=\"https:\/\/static.xx.fbcdn.net\/images\/emoji.php\/v9\/t49\/1\/16\/1f5fb.png\" alt=\"\ud83d\uddfb\" width=\"16\" height=\"16\"><\/span><span class=\"html-span xexx8yu xyri2b x18d9i69 x1c1uobl x1hl2dhg x16tdsg8 x1vvkbs x3nfvp2 x1j61x8r x1fcty0u xdj266r xat24cr xm2jcoa x1mpyi22 xxymvpz xlup9mm x1kky2od\"><img loading=\"lazy\" decoding=\"async\" class=\"xz74otr x15mokao x1ga7v0g x16uus16 xbiv7yw\" src=\"https:\/\/static.xx.fbcdn.net\/images\/emoji.php\/v9\/t3f\/1\/16\/1f30d.png\" alt=\"\ud83c\udf0d\" width=\"16\" height=\"16\"><\/span><\/div>\n<\/div>\n<div class=\"x14z9mp xat24cr x1lziwak x1vvkbs xtlvy1s x126k92a\">\n<div dir=\"auto\">Anoche fue la despedida entre espa\u00f1oles y franceses.<span class=\"html-span xexx8yu xyri2b x18d9i69 x1c1uobl x1hl2dhg x16tdsg8 x1vvkbs x3nfvp2 x1j61x8r x1fcty0u xdj266r xat24cr xm2jcoa x1mpyi22 xxymvpz xlup9mm x1kky2od\"><img loading=\"lazy\" decoding=\"async\" class=\"xz74otr x15mokao x1ga7v0g x16uus16 xbiv7yw\" src=\"https:\/\/static.xx.fbcdn.net\/images\/emoji.php\/v9\/t68\/1\/16\/1fac2.png\" alt=\"\ud83e\udec2\" width=\"16\" height=\"16\"><\/span><\/div>\n<\/div>\n<div class=\"x14z9mp xat24cr x1lziwak x1vvkbs xtlvy1s x126k92a\">\n<div dir=\"auto\">Nos vamos de vacaciones con el coraz\u00f3n lleno de paisajes, aprendizajes y experiencias que recordar y contar.<\/div>\n<\/div>\n<div dir=\"auto\">&nbsp;<\/div>\n<div dir=\"auto\"><a href=\"https:\/\/blogsaverroes.juntadeandalucia.es\/iesaltoalmanzora\/files\/2025\/06\/489915002_18042877214436610_2024730697433274665_n.jpg\"><img loading=\"lazy\" decoding=\"async\" class=\"alignnone wp-image-1961\" src=\"https:\/\/blogsaverroes.juntadeandalucia.es\/iesaltoalmanzora\/files\/2025\/06\/489915002_18042877214436610_2024730697433274665_n-1024x536.jpg\" alt=\"\" width=\"540\" height=\"282\" srcset=\"https:\/\/blogsaverroes.juntadeandalucia.es\/iesaltoalmanzora\/files\/2025\/06\/489915002_18042877214436610_2024730697433274665_n-1024x536.jpg 1024w, https:\/\/blogsaverroes.juntadeandalucia.es\/iesaltoalmanzora\/files\/2025\/06\/489915002_18042877214436610_2024730697433274665_n-300x157.jpg 300w, https:\/\/blogsaverroes.juntadeandalucia.es\/iesaltoalmanzora\/files\/2025\/06\/489915002_18042877214436610_2024730697433274665_n-768x402.jpg 768w, https:\/\/blogsaverroes.juntadeandalucia.es\/iesaltoalmanzora\/files\/2025\/06\/489915002_18042877214436610_2024730697433274665_n.jpg 1440w\" sizes=\"(max-width: 540px) 100vw, 540px\" \/><\/a> <a href=\"https:\/\/blogsaverroes.juntadeandalucia.es\/iesaltoalmanzora\/files\/2025\/06\/fr.jpg\"><img loading=\"lazy\" decoding=\"async\" class=\"alignnone wp-image-1962\" src=\"https:\/\/blogsaverroes.juntadeandalucia.es\/iesaltoalmanzora\/files\/2025\/06\/fr.jpg\" alt=\"\" width=\"211\" height=\"174\" srcset=\"https:\/\/blogsaverroes.juntadeandalucia.es\/iesaltoalmanzora\/files\/2025\/06\/fr.jpg 886w, https:\/\/blogsaverroes.juntadeandalucia.es\/iesaltoalmanzora\/files\/2025\/06\/fr-300x247.jpg 300w, https:\/\/blogsaverroes.juntadeandalucia.es\/iesaltoalmanzora\/files\/2025\/06\/fr-768x633.jpg 768w\" sizes=\"(max-width: 211px) 100vw, 211px\" \/><\/a><a href=\"https:\/\/blogsaverroes.juntadeandalucia.es\/iesaltoalmanzora\/files\/2025\/06\/490163972_18042877151436610_7615673687382171004_n.jpg\"><img loading=\"lazy\" decoding=\"async\" class=\"wp-image-1963 alignnone\" src=\"https:\/\/blogsaverroes.juntadeandalucia.es\/iesaltoalmanzora\/files\/2025\/06\/490163972_18042877151436610_7615673687382171004_n-1024x536.jpg\" alt=\"\" width=\"330\" height=\"173\" srcset=\"https:\/\/blogsaverroes.juntadeandalucia.es\/iesaltoalmanzora\/files\/2025\/06\/490163972_18042877151436610_7615673687382171004_n-1024x536.jpg 1024w, https:\/\/blogsaverroes.juntadeandalucia.es\/iesaltoalmanzora\/files\/2025\/06\/490163972_18042877151436610_7615673687382171004_n-300x157.jpg 300w, https:\/\/blogsaverroes.juntadeandalucia.es\/iesaltoalmanzora\/files\/2025\/06\/490163972_18042877151436610_7615673687382171004_n-768x402.jpg 768w, https:\/\/blogsaverroes.juntadeandalucia.es\/iesaltoalmanzora\/files\/2025\/06\/490163972_18042877151436610_7615673687382171004_n.jpg 1440w\" sizes=\"(max-width: 330px) 100vw, 330px\" \/><\/a><\/div>\n<div dir=\"auto\">&nbsp;<\/div>\n<div class=\"x14z9mp xat24cr x1lziwak x1vvkbs xtlvy1s x126k92a\">\n<div dir=\"auto\">Queremos agradecer al departamento de Franc\u00e9s de nuestro instituto y al de Espa\u00f1ol de Marcel Bony, su implicaci\u00f3n en este tipo de programas de intercambio, que favorecen el aprendizaje no solo de un idioma extranjero, sino de su cultura, y nos abren las puertas hacia el di\u00e1logo y la cooperaci\u00f3n con nuestros semejantes y diferentes. Gracias tambi\u00e9n al profesorado de ambos centros que ha colaborado en el desarrollo de las actividades y, por supuesto, a las familias espa\u00f1olas y francesas por su generosidad y hospitalidad.<\/div>\n<\/div>\n<div class=\"x14z9mp xat24cr x1lziwak x1vvkbs xtlvy1s x126k92a\">\n<div dir=\"auto\">&nbsp;<\/div>\n<div dir=\"auto\">\u00c0 l&#8217;ann\u00e9e prochaine!! <span class=\"html-span xexx8yu xyri2b x18d9i69 x1c1uobl x1hl2dhg x16tdsg8 x1vvkbs x3nfvp2 x1j61x8r x1fcty0u xdj266r xat24cr xm2jcoa x1mpyi22 xxymvpz xlup9mm x1kky2od\"><img loading=\"lazy\" decoding=\"async\" class=\"xz74otr x15mokao x1ga7v0g x16uus16 xbiv7yw\" src=\"https:\/\/static.xx.fbcdn.net\/images\/emoji.php\/v9\/tc8\/1\/16\/1f1e8_1f1f5.png\" alt=\"\ud83c\udde8\ud83c\uddf5\" width=\"16\" height=\"16\"><\/span><span class=\"html-span xexx8yu xyri2b x18d9i69 x1c1uobl x1hl2dhg x16tdsg8 x1vvkbs x3nfvp2 x1j61x8r x1fcty0u xdj266r xat24cr xm2jcoa x1mpyi22 xxymvpz xlup9mm x1kky2od\"><img loading=\"lazy\" decoding=\"async\" class=\"xz74otr x15mokao x1ga7v0g x16uus16 xbiv7yw\" src=\"https:\/\/static.xx.fbcdn.net\/images\/emoji.php\/v9\/t93\/1\/16\/1f1ea_1f1e6.png\" alt=\"\ud83c\uddea\ud83c\udde6\" width=\"16\" height=\"16\"><\/span> <span class=\"html-span xexx8yu xyri2b x18d9i69 x1c1uobl x1hl2dhg x16tdsg8 x1vvkbs x3nfvp2 x1j61x8r x1fcty0u xdj266r xat24cr xm2jcoa x1mpyi22 xxymvpz xlup9mm x1kky2od\"><img loading=\"lazy\" decoding=\"async\" class=\"xz74otr x15mokao x1ga7v0g x16uus16 xbiv7yw\" src=\"https:\/\/static.xx.fbcdn.net\/images\/emoji.php\/v9\/t6c\/1\/16\/1f499.png\" alt=\"\ud83d\udc99\" width=\"16\" height=\"16\"><\/span><span class=\"html-span xexx8yu xyri2b x18d9i69 x1c1uobl x1hl2dhg x16tdsg8 x1vvkbs x3nfvp2 x1j61x8r x1fcty0u xdj266r xat24cr xm2jcoa x1mpyi22 xxymvpz xlup9mm x1kky2od\"><img loading=\"lazy\" decoding=\"async\" class=\"xz74otr x15mokao x1ga7v0g x16uus16 xbiv7yw\" src=\"https:\/\/static.xx.fbcdn.net\/images\/emoji.php\/v9\/tc5\/1\/16\/1f90d.png\" alt=\"\ud83e\udd0d\" width=\"16\" height=\"16\"><\/span><span class=\"html-span xexx8yu xyri2b x18d9i69 x1c1uobl x1hl2dhg x16tdsg8 x1vvkbs x3nfvp2 x1j61x8r x1fcty0u xdj266r xat24cr xm2jcoa x1mpyi22 xxymvpz xlup9mm x1kky2od\"><img loading=\"lazy\" decoding=\"async\" class=\"xz74otr x15mokao x1ga7v0g x16uus16 xbiv7yw\" src=\"https:\/\/static.xx.fbcdn.net\/images\/emoji.php\/v9\/t6c\/1\/16\/2764.png\" alt=\"\u2764\" width=\"16\" height=\"16\"><\/span><\/div>\n<\/div>\n","protected":false},"excerpt":{"rendered":"<p>Llegamos al final de nuestro intercambio. Durante los \u00faltimos d\u00edas, hemos disfrutado de las instalaciones deportivas del Coll\u00e8ge Marcel Bony, hemos asistido a clases de Lat\u00edn, Ingl\u00e9s y Matem\u00e1ticas y hemos visitado Vulcania, un&#46;&#46;&#46;<\/p>\n","protected":false},"author":15562,"featured_media":0,"comment_status":"closed","ping_status":"open","sticky":false,"template":"","format":"standard","meta":{"ngg_post_thumbnail":0,"footnotes":""},"categories":[76,91,89,118,30,88,43],"tags":[],"aioseo_notices":[],"_links":{"self":[{"href":"https:\/\/blogsaverroes.juntadeandalucia.es\/iesaltoalmanzora\/wp-json\/wp\/v2\/posts\/1960"}],"collection":[{"href":"https:\/\/blogsaverroes.juntadeandalucia.es\/iesaltoalmanzora\/wp-json\/wp\/v2\/posts"}],"about":[{"href":"https:\/\/blogsaverroes.juntadeandalucia.es\/iesaltoalmanzora\/wp-json\/wp\/v2\/types\/post"}],"author":[{"embeddable":true,"href":"https:\/\/blogsaverroes.juntadeandalucia.es\/iesaltoalmanzora\/wp-json\/wp\/v2\/users\/15562"}],"replies":[{"embeddable":true,"href":"https:\/\/blogsaverroes.juntadeandalucia.es\/iesaltoalmanzora\/wp-json\/wp\/v2\/comments?post=1960"}],"version-history":[{"count":1,"href":"https:\/\/blogsaverroes.juntadeandalucia.es\/iesaltoalmanzora\/wp-json\/wp\/v2\/posts\/1960\/revisions"}],"predecessor-version":[{"id":1964,"href":"https:\/\/blogsaverroes.juntadeandalucia.es\/iesaltoalmanzora\/wp-json\/wp\/v2\/posts\/1960\/revisions\/1964"}],"wp:attachment":[{"href":"https:\/\/blogsaverroes.juntadeandalucia.es\/iesaltoalmanzora\/wp-json\/wp\/v2\/media?parent=1960"}],"wp:term":[{"taxonomy":"category","embeddable":true,"href":"https:\/\/blogsaverroes.juntadeandalucia.es\/iesaltoalmanzora\/wp-json\/wp\/v2\/categories?post=1960"},{"taxonomy":"post_tag","embeddable":true,"href":"https:\/\/blogsaverroes.juntadeandalucia.es\/iesaltoalmanzora\/wp-json\/wp\/v2\/tags?post=1960"}],"curies":[{"name":"wp","href":"https:\/\/api.w.org\/{rel}","templated":true}]}}