{"id":1442,"date":"2025-10-30T11:50:26","date_gmt":"2025-10-30T10:50:26","guid":{"rendered":"https:\/\/blogsaverroes.juntadeandalucia.es\/iesandresbenitez\/?p=1442"},"modified":"2025-10-31T10:21:54","modified_gmt":"2025-10-31T09:21:54","slug":"comienzo-del-curso-escolar-2025-2026","status":"publish","type":"post","link":"https:\/\/blogsaverroes.juntadeandalucia.es\/iesandresbenitez\/comienzo-del-curso-escolar-2025-2026\/","title":{"rendered":"Comienzo del curso escolar 2025\/2026"},"content":{"rendered":"<p>El nuevo curso escolar comienza el pr\u00f3ximo lunes 15 de septiembre de 2025. Desde el primer d\u00eda el horario ser\u00e1 de jornada completa:<\/p>\n<ul>\n<li>El horario de las modalidades de ense\u00f1anza que imparten sus clases a lo largo de la ma\u00f1ana ser\u00e1 de 8:15 a 14:45. A saber: ESO, Bachillerato diurno, todos los Ciclos de Grado Medio a excepci\u00f3n de primero de electromec\u00e1nica \u00abB\u00bb (1MEMB).<\/li>\n<li>1 MEMB y todos los Ciclos de Grado Superior su horario ser\u00e1 de 16:00 a 22:15.<\/li>\n<li>El Curso de Acceso a Grado Medio (CAGM) de 16:00 a 19:00.<\/li>\n<li>La Educaci\u00f3n Secundaria para Personas Adultas de 18:00 a 21:15.<\/li>\n<\/ul>\n<p>Todos los grupos ser\u00e1n atendidos a primera hora por sus respectivos tutores o tutoras en su aula de referencia, seg\u00fan cuadrante adjuntado.<\/p>\n<p>Solo hay dos excepciones:<\/p>\n<ul>\n<li>El bachillerato de adultos, que retrasa esta acogida al martes 16 de septiembre de 2025 en su horario habitual (18:00 a 22:15).<\/li>\n<li>El Curso de Especializaci\u00f3n en Mantenimiento y Seguridad en Sistemas de Veh\u00edculos H\u00edbridos y El\u00e9ctricos cuyo comienzo se publicar\u00e1 en pr\u00f3ximas fechas.<\/li>\n<\/ul>\n<p>&nbsp;<\/p>\n<p><img loading=\"lazy\" decoding=\"async\" class=\"wp-image-1393 size-full aligncenter\" src=\"https:\/\/blogsaverroes.juntadeandalucia.es\/iesandresbenitez\/files\/2025\/10\/acogida1.jpg\" alt=\"\" width=\"488\" height=\"693\" srcset=\"https:\/\/blogsaverroes.juntadeandalucia.es\/iesandresbenitez\/files\/2025\/10\/acogida1.jpg 488w, https:\/\/blogsaverroes.juntadeandalucia.es\/iesandresbenitez\/files\/2025\/10\/acogida1-480x682.jpg 480w\" sizes=\"(min-width: 0px) and (max-width: 480px) 480px, (min-width: 481px) 488px, 100vw\" \/> <img loading=\"lazy\" decoding=\"async\" class=\"wp-image-1392 size-full aligncenter\" src=\"https:\/\/blogsaverroes.juntadeandalucia.es\/iesandresbenitez\/files\/2025\/10\/acogida2.jpg\" alt=\"\" width=\"590\" height=\"835\" srcset=\"https:\/\/blogsaverroes.juntadeandalucia.es\/iesandresbenitez\/files\/2025\/10\/acogida2.jpg 590w, https:\/\/blogsaverroes.juntadeandalucia.es\/iesandresbenitez\/files\/2025\/10\/acogida2-480x679.jpg 480w\" sizes=\"(min-width: 0px) and (max-width: 480px) 480px, (min-width: 481px) 590px, 100vw\" \/> <img loading=\"lazy\" decoding=\"async\" class=\"wp-image-1391 size-full aligncenter\" src=\"https:\/\/blogsaverroes.juntadeandalucia.es\/iesandresbenitez\/files\/2025\/10\/acogida3.jpg\" alt=\"\" width=\"492\" height=\"697\" srcset=\"https:\/\/blogsaverroes.juntadeandalucia.es\/iesandresbenitez\/files\/2025\/10\/acogida3.jpg 492w, https:\/\/blogsaverroes.juntadeandalucia.es\/iesandresbenitez\/files\/2025\/10\/acogida3-480x680.jpg 480w\" sizes=\"(min-width: 0px) and (max-width: 480px) 480px, (min-width: 481px) 492px, 100vw\" \/> <img loading=\"lazy\" decoding=\"async\" class=\"wp-image-1390 size-full aligncenter\" src=\"https:\/\/blogsaverroes.juntadeandalucia.es\/iesandresbenitez\/files\/2025\/10\/acogida4.jpg\" alt=\"\" width=\"489\" height=\"698\" srcset=\"https:\/\/blogsaverroes.juntadeandalucia.es\/iesandresbenitez\/files\/2025\/10\/acogida4.jpg 489w, https:\/\/blogsaverroes.juntadeandalucia.es\/iesandresbenitez\/files\/2025\/10\/acogida4-480x685.jpg 480w\" sizes=\"(min-width: 0px) and (max-width: 480px) 480px, (min-width: 481px) 489px, 100vw\" \/> <img loading=\"lazy\" decoding=\"async\" class=\"wp-image-1389 size-full aligncenter\" src=\"https:\/\/blogsaverroes.juntadeandalucia.es\/iesandresbenitez\/files\/2025\/10\/acogida5.jpg\" alt=\"\" width=\"492\" height=\"699\" srcset=\"https:\/\/blogsaverroes.juntadeandalucia.es\/iesandresbenitez\/files\/2025\/10\/acogida5.jpg 492w, https:\/\/blogsaverroes.juntadeandalucia.es\/iesandresbenitez\/files\/2025\/10\/acogida5-480x682.jpg 480w\" sizes=\"(min-width: 0px) and (max-width: 480px) 480px, (min-width: 481px) 492px, 100vw\" \/> <img loading=\"lazy\" decoding=\"async\" class=\"wp-image-1388 size-full aligncenter\" src=\"https:\/\/blogsaverroes.juntadeandalucia.es\/iesandresbenitez\/files\/2025\/10\/acogida6.jpg\" alt=\"\" width=\"489\" height=\"696\" srcset=\"https:\/\/blogsaverroes.juntadeandalucia.es\/iesandresbenitez\/files\/2025\/10\/acogida6.jpg 489w, https:\/\/blogsaverroes.juntadeandalucia.es\/iesandresbenitez\/files\/2025\/10\/acogida6-480x683.jpg 480w\" sizes=\"(min-width: 0px) and (max-width: 480px) 480px, (min-width: 481px) 489px, 100vw\" \/> <img loading=\"lazy\" decoding=\"async\" class=\"size-full wp-image-1387 aligncenter\" src=\"https:\/\/blogsaverroes.juntadeandalucia.es\/iesandresbenitez\/files\/2025\/10\/acogida7.jpg\" alt=\"\" width=\"591\" height=\"829\" srcset=\"https:\/\/blogsaverroes.juntadeandalucia.es\/iesandresbenitez\/files\/2025\/10\/acogida7.jpg 591w, https:\/\/blogsaverroes.juntadeandalucia.es\/iesandresbenitez\/files\/2025\/10\/acogida7-480x673.jpg 480w\" sizes=\"(min-width: 0px) and (max-width: 480px) 480px, (min-width: 481px) 591px, 100vw\" \/><\/p>\n","protected":false},"excerpt":{"rendered":"<p>El nuevo curso escolar comienza el pr\u00f3ximo lunes 15 de septiembre de 2025. Desde el primer d\u00eda el horario ser\u00e1 de jornada completa: El horario de las modalidades de ense\u00f1anza que imparten sus clases a lo largo de la ma\u00f1ana ser\u00e1 de 8:15 a 14:45. A saber: ESO, Bachillerato diurno, todos los Ciclos de Grado [&hellip;]<\/p>\n","protected":false},"author":21247,"featured_media":0,"comment_status":"closed","ping_status":"open","sticky":false,"template":"","format":"standard","meta":{"_et_pb_use_builder":"off","_et_pb_old_content":"","_et_gb_content_width":"","footnotes":""},"categories":[4],"tags":[],"aioseo_notices":[],"_links":{"self":[{"href":"https:\/\/blogsaverroes.juntadeandalucia.es\/iesandresbenitez\/wp-json\/wp\/v2\/posts\/1442"}],"collection":[{"href":"https:\/\/blogsaverroes.juntadeandalucia.es\/iesandresbenitez\/wp-json\/wp\/v2\/posts"}],"about":[{"href":"https:\/\/blogsaverroes.juntadeandalucia.es\/iesandresbenitez\/wp-json\/wp\/v2\/types\/post"}],"author":[{"embeddable":true,"href":"https:\/\/blogsaverroes.juntadeandalucia.es\/iesandresbenitez\/wp-json\/wp\/v2\/users\/21247"}],"replies":[{"embeddable":true,"href":"https:\/\/blogsaverroes.juntadeandalucia.es\/iesandresbenitez\/wp-json\/wp\/v2\/comments?post=1442"}],"version-history":[{"count":17,"href":"https:\/\/blogsaverroes.juntadeandalucia.es\/iesandresbenitez\/wp-json\/wp\/v2\/posts\/1442\/revisions"}],"predecessor-version":[{"id":1481,"href":"https:\/\/blogsaverroes.juntadeandalucia.es\/iesandresbenitez\/wp-json\/wp\/v2\/posts\/1442\/revisions\/1481"}],"wp:attachment":[{"href":"https:\/\/blogsaverroes.juntadeandalucia.es\/iesandresbenitez\/wp-json\/wp\/v2\/media?parent=1442"}],"wp:term":[{"taxonomy":"category","embeddable":true,"href":"https:\/\/blogsaverroes.juntadeandalucia.es\/iesandresbenitez\/wp-json\/wp\/v2\/categories?post=1442"},{"taxonomy":"post_tag","embeddable":true,"href":"https:\/\/blogsaverroes.juntadeandalucia.es\/iesandresbenitez\/wp-json\/wp\/v2\/tags?post=1442"}],"curies":[{"name":"wp","href":"https:\/\/api.w.org\/{rel}","templated":true}]}}