{"id":1482,"date":"2025-10-31T10:30:44","date_gmt":"2025-10-31T09:30:44","guid":{"rendered":"https:\/\/blogsaverroes.juntadeandalucia.es\/iesandresbenitez\/?p=1482"},"modified":"2025-10-31T10:31:17","modified_gmt":"2025-10-31T09:31:17","slug":"presentacion-y-comienzo-de-las-clases-del-curso-de-especializacion","status":"publish","type":"post","link":"https:\/\/blogsaverroes.juntadeandalucia.es\/iesandresbenitez\/presentacion-y-comienzo-de-las-clases-del-curso-de-especializacion\/","title":{"rendered":"Presentaci\u00f3n y comienzo de las clases del Curso de Especializaci\u00f3n"},"content":{"rendered":"<p>El pr\u00f3ximo lunes 29 de septiembre de 2025, a las 16:00, comienza sus clases el Curso de Especializaci\u00f3n en Mantenimiento y Seguridad en Sistemas de Veh\u00edculos H\u00edbridos y El\u00e9ctricos.<\/p>\n<p>Ser\u00e1n recibidos por miembros del equipo directivo y por la tutor\u00eda del grupo.<\/p>\n","protected":false},"excerpt":{"rendered":"<p>El pr\u00f3ximo lunes 29 de septiembre de 2025, a las 16:00, comienza sus clases el Curso de Especializaci\u00f3n en Mantenimiento y Seguridad en Sistemas de Veh\u00edculos H\u00edbridos y El\u00e9ctricos. Ser\u00e1n recibidos por miembros del equipo directivo y por la tutor\u00eda del grupo.<\/p>\n","protected":false},"author":21247,"featured_media":0,"comment_status":"closed","ping_status":"open","sticky":false,"template":"","format":"standard","meta":{"_et_pb_use_builder":"","_et_pb_old_content":"","_et_gb_content_width":"","footnotes":""},"categories":[4],"tags":[],"aioseo_notices":[],"_links":{"self":[{"href":"https:\/\/blogsaverroes.juntadeandalucia.es\/iesandresbenitez\/wp-json\/wp\/v2\/posts\/1482"}],"collection":[{"href":"https:\/\/blogsaverroes.juntadeandalucia.es\/iesandresbenitez\/wp-json\/wp\/v2\/posts"}],"about":[{"href":"https:\/\/blogsaverroes.juntadeandalucia.es\/iesandresbenitez\/wp-json\/wp\/v2\/types\/post"}],"author":[{"embeddable":true,"href":"https:\/\/blogsaverroes.juntadeandalucia.es\/iesandresbenitez\/wp-json\/wp\/v2\/users\/21247"}],"replies":[{"embeddable":true,"href":"https:\/\/blogsaverroes.juntadeandalucia.es\/iesandresbenitez\/wp-json\/wp\/v2\/comments?post=1482"}],"version-history":[{"count":1,"href":"https:\/\/blogsaverroes.juntadeandalucia.es\/iesandresbenitez\/wp-json\/wp\/v2\/posts\/1482\/revisions"}],"predecessor-version":[{"id":1483,"href":"https:\/\/blogsaverroes.juntadeandalucia.es\/iesandresbenitez\/wp-json\/wp\/v2\/posts\/1482\/revisions\/1483"}],"wp:attachment":[{"href":"https:\/\/blogsaverroes.juntadeandalucia.es\/iesandresbenitez\/wp-json\/wp\/v2\/media?parent=1482"}],"wp:term":[{"taxonomy":"category","embeddable":true,"href":"https:\/\/blogsaverroes.juntadeandalucia.es\/iesandresbenitez\/wp-json\/wp\/v2\/categories?post=1482"},{"taxonomy":"post_tag","embeddable":true,"href":"https:\/\/blogsaverroes.juntadeandalucia.es\/iesandresbenitez\/wp-json\/wp\/v2\/tags?post=1482"}],"curies":[{"name":"wp","href":"https:\/\/api.w.org\/{rel}","templated":true}]}}