{"id":10072,"date":"2024-12-02T21:00:19","date_gmt":"2024-12-02T19:00:19","guid":{"rendered":"https:\/\/blogsaverroes.juntadeandalucia.es\/iesantonioalvarezlopez\/?p=10072"},"modified":"2024-12-03T12:00:40","modified_gmt":"2024-12-03T10:00:40","slug":"educacion-y-arte-reflexionando-sobre-la-guerra-civil-en-el-teatro-alameda","status":"publish","type":"post","link":"https:\/\/blogsaverroes.juntadeandalucia.es\/iesantonioalvarezlopez\/educacion-y-arte-reflexionando-sobre-la-guerra-civil-en-el-teatro-alameda\/","title":{"rendered":"Educaci\u00f3n y arte: reflexionando sobre la Guerra Civil en el Teatro Alameda"},"content":{"rendered":"<div class=\"xdj266r x11i5rnm xat24cr x1mh8g0r x1vvkbs x126k92a\">\n<div dir=\"auto\">Hoy hemos vuelto a visitar el Teatro Alameda con el alumnado que cursa la optativa de Teatro y de primero de Bachillerato con Historia del Mundo Contempor\u00e1neo.<\/div>\n<\/div>\n<div class=\"x11i5rnm xat24cr x1mh8g0r x1vvkbs xtlvy1s x126k92a\">\n<div dir=\"auto\">Hemos asistido a la funci\u00f3n de la obra titulada \u201cLagunas y niebla\u201d, de la Compa\u00f1\u00eda La Joven, que trata la Guerra civil desde seis historias reales que dibujan el horror del conflicto b\u00e9lico y la complejidad de hacer Historia de un acontecimiento como este, que marca la historia de un pa\u00eds.<\/div>\n<\/div>\n<div class=\"x11i5rnm xat24cr x1mh8g0r x1vvkbs xtlvy1s x126k92a\">\n<div dir=\"auto\">Al finalizar se ha abierto un coloquio con los actores, muy j\u00f3venes, que han reflexionado y dialogado sobre la necesidad de conocer el pasado para poder crear un futuro con cimientos firmes.<\/div>\n<\/div>\n<div class=\"x11i5rnm xat24cr x1mh8g0r x1vvkbs xtlvy1s x126k92a\">\n<div dir=\"auto\">Seguimos apostando por sacar al alumnado de las aulas para ampliar su mirada y contribuir a enriquecer su forma de aprender y adquirir conocimiento.<\/div>\n<\/div>\n<div class=\"x11i5rnm xat24cr x1mh8g0r x1vvkbs xtlvy1s x126k92a\">\n<div dir=\"auto\">La actividad se ha organizado desde el Departamento de Geograf\u00eda e Historia.<\/div>\n<div dir=\"auto\">ngg_shortcode_0_placeholder<\/div>\n<\/div>\n","protected":false},"excerpt":{"rendered":"<p>Hoy hemos vuelto a visitar el Teatro Alameda con el alumnado que cursa la optativa de Teatro y de primero de Bachillerato con Historia del Mundo Contempor\u00e1neo. Hemos asistido a la funci\u00f3n de la&#46;&#46;&#46;<\/p>\n","protected":false},"author":10111,"featured_media":10081,"comment_status":"closed","ping_status":"closed","sticky":false,"template":"","format":"standard","meta":{"ngg_post_thumbnail":0,"footnotes":""},"categories":[34],"tags":[],"aioseo_notices":[],"_links":{"self":[{"href":"https:\/\/blogsaverroes.juntadeandalucia.es\/iesantonioalvarezlopez\/wp-json\/wp\/v2\/posts\/10072"}],"collection":[{"href":"https:\/\/blogsaverroes.juntadeandalucia.es\/iesantonioalvarezlopez\/wp-json\/wp\/v2\/posts"}],"about":[{"href":"https:\/\/blogsaverroes.juntadeandalucia.es\/iesantonioalvarezlopez\/wp-json\/wp\/v2\/types\/post"}],"author":[{"embeddable":true,"href":"https:\/\/blogsaverroes.juntadeandalucia.es\/iesantonioalvarezlopez\/wp-json\/wp\/v2\/users\/10111"}],"replies":[{"embeddable":true,"href":"https:\/\/blogsaverroes.juntadeandalucia.es\/iesantonioalvarezlopez\/wp-json\/wp\/v2\/comments?post=10072"}],"version-history":[{"count":1,"href":"https:\/\/blogsaverroes.juntadeandalucia.es\/iesantonioalvarezlopez\/wp-json\/wp\/v2\/posts\/10072\/revisions"}],"predecessor-version":[{"id":10088,"href":"https:\/\/blogsaverroes.juntadeandalucia.es\/iesantonioalvarezlopez\/wp-json\/wp\/v2\/posts\/10072\/revisions\/10088"}],"wp:featuredmedia":[{"embeddable":true,"href":"https:\/\/blogsaverroes.juntadeandalucia.es\/iesantonioalvarezlopez\/wp-json\/wp\/v2\/media\/10081"}],"wp:attachment":[{"href":"https:\/\/blogsaverroes.juntadeandalucia.es\/iesantonioalvarezlopez\/wp-json\/wp\/v2\/media?parent=10072"}],"wp:term":[{"taxonomy":"category","embeddable":true,"href":"https:\/\/blogsaverroes.juntadeandalucia.es\/iesantonioalvarezlopez\/wp-json\/wp\/v2\/categories?post=10072"},{"taxonomy":"post_tag","embeddable":true,"href":"https:\/\/blogsaverroes.juntadeandalucia.es\/iesantonioalvarezlopez\/wp-json\/wp\/v2\/tags?post=10072"}],"curies":[{"name":"wp","href":"https:\/\/api.w.org\/{rel}","templated":true}]}}