{"id":10233,"date":"2025-01-16T00:15:02","date_gmt":"2025-01-15T22:15:02","guid":{"rendered":"https:\/\/blogsaverroes.juntadeandalucia.es\/iesantonioalvarezlopez\/?p=10233"},"modified":"2025-01-16T00:15:02","modified_gmt":"2025-01-15T22:15:02","slug":"de-bachillerato-al-laboratorio-experimentos-y-aprendizaje-en-la-facultad-de-quimica","status":"publish","type":"post","link":"https:\/\/blogsaverroes.juntadeandalucia.es\/iesantonioalvarezlopez\/de-bachillerato-al-laboratorio-experimentos-y-aprendizaje-en-la-facultad-de-quimica\/","title":{"rendered":"De Bachillerato al Laboratorio: Experimentos y Aprendizaje en la Facultad de Qu\u00edmica"},"content":{"rendered":"<p>Los alumnos de 1\u00ba de Bachillerato de la modalidad Cient\u00edfico-Tecnol\u00f3gica han disfrutado hoy de una jornada de An\u00e1lisis Qu\u00edmico en la Facultad de Qu\u00edmica de la Universidad de Sevilla. En la visita han presenciado diferentes experimentos realizados por los profesores de la facultad y, adem\u00e1s, ellos mismos han llevado a cabo varias pr\u00e1cticas guiadas. Una ma\u00f1ana l\u00fadica llena de nuevos aprendizajes.<\/p>\nngg_shortcode_0_placeholder\n","protected":false},"excerpt":{"rendered":"<p>Los alumnos de 1\u00ba de Bachillerato de la modalidad Cient\u00edfico-Tecnol\u00f3gica han disfrutado hoy de una jornada de An\u00e1lisis Qu\u00edmico en la Facultad de Qu\u00edmica de la Universidad de Sevilla. En la visita han presenciado&#46;&#46;&#46;<\/p>\n","protected":false},"author":10111,"featured_media":10248,"comment_status":"closed","ping_status":"closed","sticky":false,"template":"","format":"standard","meta":{"ngg_post_thumbnail":0,"footnotes":""},"categories":[10],"tags":[],"aioseo_notices":[],"_links":{"self":[{"href":"https:\/\/blogsaverroes.juntadeandalucia.es\/iesantonioalvarezlopez\/wp-json\/wp\/v2\/posts\/10233"}],"collection":[{"href":"https:\/\/blogsaverroes.juntadeandalucia.es\/iesantonioalvarezlopez\/wp-json\/wp\/v2\/posts"}],"about":[{"href":"https:\/\/blogsaverroes.juntadeandalucia.es\/iesantonioalvarezlopez\/wp-json\/wp\/v2\/types\/post"}],"author":[{"embeddable":true,"href":"https:\/\/blogsaverroes.juntadeandalucia.es\/iesantonioalvarezlopez\/wp-json\/wp\/v2\/users\/10111"}],"replies":[{"embeddable":true,"href":"https:\/\/blogsaverroes.juntadeandalucia.es\/iesantonioalvarezlopez\/wp-json\/wp\/v2\/comments?post=10233"}],"version-history":[{"count":1,"href":"https:\/\/blogsaverroes.juntadeandalucia.es\/iesantonioalvarezlopez\/wp-json\/wp\/v2\/posts\/10233\/revisions"}],"predecessor-version":[{"id":10249,"href":"https:\/\/blogsaverroes.juntadeandalucia.es\/iesantonioalvarezlopez\/wp-json\/wp\/v2\/posts\/10233\/revisions\/10249"}],"wp:featuredmedia":[{"embeddable":true,"href":"https:\/\/blogsaverroes.juntadeandalucia.es\/iesantonioalvarezlopez\/wp-json\/wp\/v2\/media\/10248"}],"wp:attachment":[{"href":"https:\/\/blogsaverroes.juntadeandalucia.es\/iesantonioalvarezlopez\/wp-json\/wp\/v2\/media?parent=10233"}],"wp:term":[{"taxonomy":"category","embeddable":true,"href":"https:\/\/blogsaverroes.juntadeandalucia.es\/iesantonioalvarezlopez\/wp-json\/wp\/v2\/categories?post=10233"},{"taxonomy":"post_tag","embeddable":true,"href":"https:\/\/blogsaverroes.juntadeandalucia.es\/iesantonioalvarezlopez\/wp-json\/wp\/v2\/tags?post=10233"}],"curies":[{"name":"wp","href":"https:\/\/api.w.org\/{rel}","templated":true}]}}