{"id":10895,"date":"2025-04-25T11:05:43","date_gmt":"2025-04-25T09:05:43","guid":{"rendered":"https:\/\/blogsaverroes.juntadeandalucia.es\/iesantonioalvarezlopez\/?p=10895"},"modified":"2025-04-25T11:11:25","modified_gmt":"2025-04-25T09:11:25","slug":"10895-2","status":"publish","type":"post","link":"https:\/\/blogsaverroes.juntadeandalucia.es\/iesantonioalvarezlopez\/10895-2\/","title":{"rendered":"Tres voces, una misi\u00f3n: alumnos del centro en Onda ODS"},"content":{"rendered":"<div class=\"xdj266r x11i5rnm xat24cr x1mh8g0r x1vvkbs x126k92a\">\n<div dir=\"auto\">Ma\u00f1ana viernes, 25 de abril, a las 10:05 horas se emitir\u00e1 el Concurso radiof\u00f3nico Onda ODS, en el que han participado tres alumnos de nuestro centro: Gonzalo Dom\u00ednguez Vallejo, \u00c1ngela Mart\u00ednez Rodr\u00edguez y Pablo Arag\u00f3n Reguera.<\/div>\n<div dir=\"auto\">Se emitir\u00e1 en Onda Local de Andaluc\u00eda y en Ahora Radio Gelves en el dial 88.6 de FM.<\/div>\n<\/div>\n<div class=\"x11i5rnm xat24cr x1mh8g0r x1vvkbs xtlvy1s x126k92a\">\n<div dir=\"auto\"><span class=\"html-span xdj266r x11i5rnm xat24cr x1mh8g0r xexx8yu x4uap5 x18d9i69 xkhd6sd x1hl2dhg x16tdsg8 x1vvkbs\"><a class=\"x1i10hfl xjbqb8w x1ejq31n xd10rxx x1sy0etr x17r0tee x972fbf xcfux6l x1qhh985 xm0m39n x9f619 x1ypdohk xt0psk2 xe8uvvx xdj266r x11i5rnm xat24cr x1mh8g0r xexx8yu x4uap5 x18d9i69 xkhd6sd x16tdsg8 x1hl2dhg xggy1nq x1a2a7pz xkrqix3 x1sur9pj x1fey0fg x1s688f\" role=\"link\" href=\"https:\/\/www.instagram.com\/p\/DI0lUuRCTXV\/?hl=es&amp;fbclid=IwZXh0bgNhZW0CMTAAYnJpZBEweWg4TUcwbHZJem43MFViMwEe4qRFYC5mRpxzX4HGIfRCjuCkTvseJOkZ-aiUa09PpMGL_D1yfFlrc4Na4bA_aem_iZILQRumdxt1C2NJFJ5beQ\" target=\"_blank\" rel=\"nofollow noopener noreferrer\">https:\/\/www.instagram.com\/p\/DI0lUuRCTXV\/?hl=es<\/a><\/span><\/div>\n<div dir=\"auto\"><a href=\"https:\/\/www.facebook.com\/reel\/2898296783682183\">https:\/\/www.facebook.com\/reel\/2898296783682183<\/a><\/div>\n<\/div>\n","protected":false},"excerpt":{"rendered":"<p>Ma\u00f1ana viernes, 25 de abril, a las 10:05 horas se emitir\u00e1 el Concurso radiof\u00f3nico Onda ODS, en el que han participado tres alumnos de nuestro centro: Gonzalo Dom\u00ednguez Vallejo, \u00c1ngela Mart\u00ednez Rodr\u00edguez y Pablo&#46;&#46;&#46;<\/p>\n","protected":false},"author":10111,"featured_media":10898,"comment_status":"closed","ping_status":"closed","sticky":false,"template":"","format":"standard","meta":{"ngg_post_thumbnail":0,"footnotes":""},"categories":[4],"tags":[],"aioseo_notices":[],"_links":{"self":[{"href":"https:\/\/blogsaverroes.juntadeandalucia.es\/iesantonioalvarezlopez\/wp-json\/wp\/v2\/posts\/10895"}],"collection":[{"href":"https:\/\/blogsaverroes.juntadeandalucia.es\/iesantonioalvarezlopez\/wp-json\/wp\/v2\/posts"}],"about":[{"href":"https:\/\/blogsaverroes.juntadeandalucia.es\/iesantonioalvarezlopez\/wp-json\/wp\/v2\/types\/post"}],"author":[{"embeddable":true,"href":"https:\/\/blogsaverroes.juntadeandalucia.es\/iesantonioalvarezlopez\/wp-json\/wp\/v2\/users\/10111"}],"replies":[{"embeddable":true,"href":"https:\/\/blogsaverroes.juntadeandalucia.es\/iesantonioalvarezlopez\/wp-json\/wp\/v2\/comments?post=10895"}],"version-history":[{"count":4,"href":"https:\/\/blogsaverroes.juntadeandalucia.es\/iesantonioalvarezlopez\/wp-json\/wp\/v2\/posts\/10895\/revisions"}],"predecessor-version":[{"id":10900,"href":"https:\/\/blogsaverroes.juntadeandalucia.es\/iesantonioalvarezlopez\/wp-json\/wp\/v2\/posts\/10895\/revisions\/10900"}],"wp:featuredmedia":[{"embeddable":true,"href":"https:\/\/blogsaverroes.juntadeandalucia.es\/iesantonioalvarezlopez\/wp-json\/wp\/v2\/media\/10898"}],"wp:attachment":[{"href":"https:\/\/blogsaverroes.juntadeandalucia.es\/iesantonioalvarezlopez\/wp-json\/wp\/v2\/media?parent=10895"}],"wp:term":[{"taxonomy":"category","embeddable":true,"href":"https:\/\/blogsaverroes.juntadeandalucia.es\/iesantonioalvarezlopez\/wp-json\/wp\/v2\/categories?post=10895"},{"taxonomy":"post_tag","embeddable":true,"href":"https:\/\/blogsaverroes.juntadeandalucia.es\/iesantonioalvarezlopez\/wp-json\/wp\/v2\/tags?post=10895"}],"curies":[{"name":"wp","href":"https:\/\/api.w.org\/{rel}","templated":true}]}}