{"id":11025,"date":"2025-05-13T00:35:16","date_gmt":"2025-05-12T22:35:16","guid":{"rendered":"https:\/\/blogsaverroes.juntadeandalucia.es\/iesantonioalvarezlopez\/?p=11025"},"modified":"2025-05-13T00:35:16","modified_gmt":"2025-05-12T22:35:16","slug":"evaluacion-de-diagnostico-para-2o-de-eso-15-y-16-de-mayo","status":"publish","type":"post","link":"https:\/\/blogsaverroes.juntadeandalucia.es\/iesantonioalvarezlopez\/evaluacion-de-diagnostico-para-2o-de-eso-15-y-16-de-mayo\/","title":{"rendered":"Evaluaci\u00f3n de Diagn\u00f3stico para 2\u00ba de ESO: 15 y 16 de mayo"},"content":{"rendered":"<p>Los pr\u00f3ximos jueves 15 y viernes 16 de mayo se desarrollar\u00e1n en toda Andaluc\u00eda las pruebas de Evaluaci\u00f3n de Diagn\u00f3stico, cumpliendo la Ley Org\u00e1nica 2\/2006, de 3 de mayo, y las Instrucciones publicadas el 30 de enero de 2025 por la Direcci\u00f3n General de Ordenaci\u00f3n y Evaluaci\u00f3n Educativa. Estas pruebas de Lengua, Matem\u00e1ticas e Ingl\u00e9s, destinadas al alumnado de 2\u00ba de ESO, contienen cuestiones relativas a las competencias que vuestros hijos e hijas deber\u00edan haber adquirido. El IES Antonio \u00c1lvarez L\u00f3pez ha sido seleccionado para que se realicen de forma online y ya tenemos todos los recursos t\u00e9cnicos preparados.<br class=\"html-br\"><br class=\"html-br\">Esta evaluaci\u00f3n tendr\u00e1 car\u00e1cter informativo, formativo y orientador para los centros, el profesorado, el alumnado, las familias y el conjunto de la comunidad educativa. Los resultados son fundamentales, pero no influyen en las notas del curso. Necesitamos conocer c\u00f3mo funciona el proceso de ense\u00f1anza y aprendizaje y, de esta manera, introducir posibles mejoras de cara al futuro.<br class=\"html-br\"><br class=\"html-br\">-La Evaluaci\u00f3n de diagn\u00f3stico tendr\u00e1 car\u00e1cter censal y se aplicar\u00e1 en todos los centros docentes que impartan segundo de Educaci\u00f3n Secundaria Obligatoria.<br class=\"html-br\">-Las Evaluaciones de diagn\u00f3stico ser\u00e1n realizadas por todo el alumnado que se encuentre matriculado en segundo curso de Educaci\u00f3n Secundaria Obligatoria.<br class=\"html-br\">-La finalidad de esta Evaluaci\u00f3n ser\u00e1 diagn\u00f3stica y servir\u00e1 para comprobar el grado de dominio de la competencia en comunicaci\u00f3n ling\u00fc\u00edstica, de la competencia pluriling\u00fce y de la competencia matem\u00e1tica.<br class=\"html-br\">-Las Evaluaciones de diagn\u00f3stico de las \u00e1reas o materias se\u00f1aladas en la instrucci\u00f3n tercera se realizar\u00e1n los d\u00edas 15 y 16 de mayo en 2\u00ba de Educaci\u00f3n Secundaria Obligatoria seg\u00fan el orden establecido en el Anexo II.<br class=\"html-br\">-La duraci\u00f3n m\u00e1xima prevista para la realizaci\u00f3n de la Evaluaci\u00f3n de diagn\u00f3stico de cada \u00e1rea o materia ser\u00e1 de 60 minutos.<br class=\"html-br\">-Para el alumnado con necesidades espec\u00edficas de apoyo educativo, que a juicio del Departamento de Orientaci\u00f3n del centro lo requiera, se permitir\u00e1n determinados apoyos o adaptaciones, seg\u00fan las necesidades del mismo.<\/p>\n<p><img loading=\"lazy\" decoding=\"async\" class=\"alignnone size-full wp-image-11026\" src=\"https:\/\/blogsaverroes.juntadeandalucia.es\/iesantonioalvarezlopez\/files\/2025\/05\/pruebas.jpg\" alt=\"\" width=\"743\" height=\"286\" srcset=\"https:\/\/blogsaverroes.juntadeandalucia.es\/iesantonioalvarezlopez\/files\/2025\/05\/pruebas.jpg 743w, https:\/\/blogsaverroes.juntadeandalucia.es\/iesantonioalvarezlopez\/files\/2025\/05\/pruebas-300x115.jpg 300w\" sizes=\"(max-width: 743px) 100vw, 743px\" \/><br class=\"html-br\">Os adjuntamos el texto normativo.<br class=\"html-br\"><span class=\"html-span xdj266r x11i5rnm xat24cr x1mh8g0r xexx8yu x4uap5 x18d9i69 xkhd6sd x1hl2dhg x16tdsg8 x1vvkbs\"><a class=\"x1i10hfl xjbqb8w x1ejq31n xd10rxx x1sy0etr x17r0tee x972fbf xcfux6l x1qhh985 xm0m39n x9f619 x1ypdohk xt0psk2 xe8uvvx xdj266r x11i5rnm xat24cr x1mh8g0r xexx8yu x4uap5 x18d9i69 xkhd6sd x16tdsg8 x1hl2dhg xggy1nq x1a2a7pz xkrqix3 x1sur9pj x1fey0fg x1s688f\" role=\"link\" href=\"https:\/\/www.juntadeandalucia.es\/educacion\/portales\/web\/inspeccion-educativa\/w\/instrucciones-de-30-de-enero-de-2025-por-las-que-se-concretan-determinados-aspectos-relacionados-con-la-realizacion-de-la-evaluacion-de-diagnostico-para-el-curso-academico-2024\/2025?fbclid=IwZXh0bgNhZW0CMTAAYnJpZBEweWg4TUcwbHZJem43MFViMwEe75KQiVbJzTFfVmvUwA772T6R6gM97qM6F4IGdtVLqXVp0Oy8AkJJxJTAlJI_aem_qdgYw1NvUuABvXNkVNaG7g\" target=\"_blank\" rel=\"nofollow noopener noreferrer\">https:\/\/www.juntadeandalucia.es\/&#8230;\/instrucciones-de&#8230;\/2025<\/a><\/span>&nbsp;<\/p>\n<div class=\"x1i10hfl xjbqb8w x1ejq31n xd10rxx x1sy0etr x17r0tee x972fbf xcfux6l x1qhh985 xm0m39n x9f619 x1ypdohk xt0psk2 xe8uvvx xdj266r x11i5rnm xat24cr x1mh8g0r xexx8yu x4uap5 x18d9i69 xkhd6sd x16tdsg8 x1hl2dhg xggy1nq x1a2a7pz xkrqix3 x1sur9pj xzsf02u x1s688f\" role=\"button\">&nbsp;<\/div>\n","protected":false},"excerpt":{"rendered":"<p>Los pr\u00f3ximos jueves 15 y viernes 16 de mayo se desarrollar\u00e1n en toda Andaluc\u00eda las pruebas de Evaluaci\u00f3n de Diagn\u00f3stico, cumpliendo la Ley Org\u00e1nica 2\/2006, de 3 de mayo, y las Instrucciones publicadas el&#46;&#46;&#46;<\/p>\n","protected":false},"author":10111,"featured_media":11026,"comment_status":"closed","ping_status":"closed","sticky":false,"template":"","format":"standard","meta":{"ngg_post_thumbnail":0,"footnotes":""},"categories":[4],"tags":[],"aioseo_notices":[],"_links":{"self":[{"href":"https:\/\/blogsaverroes.juntadeandalucia.es\/iesantonioalvarezlopez\/wp-json\/wp\/v2\/posts\/11025"}],"collection":[{"href":"https:\/\/blogsaverroes.juntadeandalucia.es\/iesantonioalvarezlopez\/wp-json\/wp\/v2\/posts"}],"about":[{"href":"https:\/\/blogsaverroes.juntadeandalucia.es\/iesantonioalvarezlopez\/wp-json\/wp\/v2\/types\/post"}],"author":[{"embeddable":true,"href":"https:\/\/blogsaverroes.juntadeandalucia.es\/iesantonioalvarezlopez\/wp-json\/wp\/v2\/users\/10111"}],"replies":[{"embeddable":true,"href":"https:\/\/blogsaverroes.juntadeandalucia.es\/iesantonioalvarezlopez\/wp-json\/wp\/v2\/comments?post=11025"}],"version-history":[{"count":1,"href":"https:\/\/blogsaverroes.juntadeandalucia.es\/iesantonioalvarezlopez\/wp-json\/wp\/v2\/posts\/11025\/revisions"}],"predecessor-version":[{"id":11027,"href":"https:\/\/blogsaverroes.juntadeandalucia.es\/iesantonioalvarezlopez\/wp-json\/wp\/v2\/posts\/11025\/revisions\/11027"}],"wp:featuredmedia":[{"embeddable":true,"href":"https:\/\/blogsaverroes.juntadeandalucia.es\/iesantonioalvarezlopez\/wp-json\/wp\/v2\/media\/11026"}],"wp:attachment":[{"href":"https:\/\/blogsaverroes.juntadeandalucia.es\/iesantonioalvarezlopez\/wp-json\/wp\/v2\/media?parent=11025"}],"wp:term":[{"taxonomy":"category","embeddable":true,"href":"https:\/\/blogsaverroes.juntadeandalucia.es\/iesantonioalvarezlopez\/wp-json\/wp\/v2\/categories?post=11025"},{"taxonomy":"post_tag","embeddable":true,"href":"https:\/\/blogsaverroes.juntadeandalucia.es\/iesantonioalvarezlopez\/wp-json\/wp\/v2\/tags?post=11025"}],"curies":[{"name":"wp","href":"https:\/\/api.w.org\/{rel}","templated":true}]}}