{"id":11068,"date":"2025-05-23T15:44:05","date_gmt":"2025-05-23T13:44:05","guid":{"rendered":"https:\/\/blogsaverroes.juntadeandalucia.es\/iesantonioalvarezlopez\/?p=11068"},"modified":"2025-05-24T20:38:49","modified_gmt":"2025-05-24T18:38:49","slug":"charla-para-familias-como-gestionar-el-uso-de-pantallas-en-casa","status":"publish","type":"post","link":"https:\/\/blogsaverroes.juntadeandalucia.es\/iesantonioalvarezlopez\/charla-para-familias-como-gestionar-el-uso-de-pantallas-en-casa\/","title":{"rendered":"Charla para familias: C\u00f3mo gestionar el uso de pantallas en casa"},"content":{"rendered":"<div dir=\"auto\">El AMPA ha organizado una charla para las familias, para ayudarles a gestionar el uso de las pantallas en los hogares. Han invitado a dos expertos: Nuria Carmona, psic\u00f3loga del movimiento Adolescencia Libre de M\u00f3viles, y Ana D\u00edaz L\u00f3pez, coordinadora general terap\u00e9utica de Grupo Guadalsalus, empresa especialista en adicciones, quienes ayudar\u00e1n a identificar los problemas que acarrea el uso indebido del m\u00f3vil, explicar\u00e1n los efectos fisicos, mentales y sociales, y nos dar\u00e1n t\u00e1cticas y consejos para fomentar un uso m\u00e1s sano de las pantallas en casa. Ser\u00e1 una charla muy interesante y nos gustar\u00eda contar con el m\u00e1ximo n\u00famero de personas posibles. Por favor, comparte con las familias de tu clase para que reserven su plaza. Es un evento abierto a todas las familias del centro. Cuentan contigo.<\/div>\n<div dir=\"auto\">En este enlace las personas podr\u00e1n registrar su asistencia. Gracias.<\/div>\n<div dir=\"auto\">&nbsp;<\/div>\n<div dir=\"auto\"><a href=\"https:\/\/docs.google.com\/forms\/d\/e\/1FAIpQLSf46FGwWwuUzKx9nZLAD84aLXWSKmkDAvsdTykcGtverNrh5A\/viewform\"><strong>Formulario de asistencia<\/strong><\/a><\/div>\n<div dir=\"auto\">&nbsp;<\/div>\n<div dir=\"auto\"><img loading=\"lazy\" decoding=\"async\" class=\"\" src=\"https:\/\/lh4.googleusercontent.com\/RVMc3xpVUdnslzFRmQ8nRseuI2rdcgW3f8f_8BXkRvAy8rrE3D28tqlkD88TODzMeqHiatYSuBay8ta4rzzrl2XwUw_Fx_EfWTj3Tclea9_vGQCeMCbfCNahrYUJ2Fv2QBH9QtCqTa4O9h-7pqm9iCr1qMFVmU2DgW1Dys5RNPipW9NdyQ=w1587?key=C4cjHRvd5XFLWqCiCQ5OQg\" width=\"782\" height=\"1106\"><\/div>\n","protected":false},"excerpt":{"rendered":"<p>El AMPA ha organizado una charla para las familias, para ayudarles a gestionar el uso de las pantallas en los hogares. Han invitado a dos expertos: Nuria Carmona, psic\u00f3loga del movimiento Adolescencia Libre de&#46;&#46;&#46;<\/p>\n","protected":false},"author":10111,"featured_media":11069,"comment_status":"closed","ping_status":"closed","sticky":false,"template":"","format":"standard","meta":{"ngg_post_thumbnail":0,"footnotes":""},"categories":[11],"tags":[],"aioseo_notices":[],"_links":{"self":[{"href":"https:\/\/blogsaverroes.juntadeandalucia.es\/iesantonioalvarezlopez\/wp-json\/wp\/v2\/posts\/11068"}],"collection":[{"href":"https:\/\/blogsaverroes.juntadeandalucia.es\/iesantonioalvarezlopez\/wp-json\/wp\/v2\/posts"}],"about":[{"href":"https:\/\/blogsaverroes.juntadeandalucia.es\/iesantonioalvarezlopez\/wp-json\/wp\/v2\/types\/post"}],"author":[{"embeddable":true,"href":"https:\/\/blogsaverroes.juntadeandalucia.es\/iesantonioalvarezlopez\/wp-json\/wp\/v2\/users\/10111"}],"replies":[{"embeddable":true,"href":"https:\/\/blogsaverroes.juntadeandalucia.es\/iesantonioalvarezlopez\/wp-json\/wp\/v2\/comments?post=11068"}],"version-history":[{"count":1,"href":"https:\/\/blogsaverroes.juntadeandalucia.es\/iesantonioalvarezlopez\/wp-json\/wp\/v2\/posts\/11068\/revisions"}],"predecessor-version":[{"id":11070,"href":"https:\/\/blogsaverroes.juntadeandalucia.es\/iesantonioalvarezlopez\/wp-json\/wp\/v2\/posts\/11068\/revisions\/11070"}],"wp:featuredmedia":[{"embeddable":true,"href":"https:\/\/blogsaverroes.juntadeandalucia.es\/iesantonioalvarezlopez\/wp-json\/wp\/v2\/media\/11069"}],"wp:attachment":[{"href":"https:\/\/blogsaverroes.juntadeandalucia.es\/iesantonioalvarezlopez\/wp-json\/wp\/v2\/media?parent=11068"}],"wp:term":[{"taxonomy":"category","embeddable":true,"href":"https:\/\/blogsaverroes.juntadeandalucia.es\/iesantonioalvarezlopez\/wp-json\/wp\/v2\/categories?post=11068"},{"taxonomy":"post_tag","embeddable":true,"href":"https:\/\/blogsaverroes.juntadeandalucia.es\/iesantonioalvarezlopez\/wp-json\/wp\/v2\/tags?post=11068"}],"curies":[{"name":"wp","href":"https:\/\/api.w.org\/{rel}","templated":true}]}}