{"id":12594,"date":"2026-03-24T09:31:56","date_gmt":"2026-03-24T07:31:56","guid":{"rendered":"https:\/\/blogsaverroes.juntadeandalucia.es\/iesantonioalvarezlopez\/?p=12594"},"modified":"2026-03-24T09:31:56","modified_gmt":"2026-03-24T07:31:56","slug":"12594-2","status":"publish","type":"post","link":"https:\/\/blogsaverroes.juntadeandalucia.es\/iesantonioalvarezlopez\/12594-2\/","title":{"rendered":""},"content":{"rendered":"<div class=\"html-div xdj266r x14z9mp xat24cr x1lziwak xexx8yu xyri2b x18d9i69 x1c1uobl\">\n<div class=\"html-div xdj266r x14z9mp xat24cr x1lziwak xexx8yu xyri2b x18d9i69 x1c1uobl\" dir=\"auto\">\n<div class=\"html-div xdj266r x14z9mp xat24cr x1lziwak xexx8yu xyri2b x18d9i69 x1c1uobl\" data-ad-rendering-role=\"story_message\">\n<div class=\"x1l90r2v x1iorvi4 x1g0dm76 xpdmqnj\" data-ad-comet-preview=\"message\" data-ad-preview=\"message\">\n<div class=\"x78zum5 xdt5ytf xz62fqu x16ldp7u\">\n<div class=\"xu06os2 x1ok221b\">\n<div class=\"html-div xdj266r x14z9mp xat24cr x1lziwak xexx8yu xyri2b x18d9i69 x1c1uobl\">\n<div class=\"xdj266r x14z9mp xat24cr x1lziwak x1vvkbs x126k92a\">\n<div dir=\"auto\">Nuestras chicas se clasificaron para las semifinales de la Copa Colegial de baloncesto y esperan vuestro apoyo este mi\u00e9rcoles 25 de marzo. Ser\u00e1 contra el equipo del IES Vel\u00e1zquez de Sevilla en el pabell\u00f3n Muriel Bujalance de Gelves, a las 16:30 horas. \u00a1Os esperamos!<\/div>\n<\/div>\n<\/div>\n<\/div>\n<\/div>\n<\/div>\n<\/div>\n<\/div>\n<div class=\"html-div xdj266r x14z9mp xat24cr x1lziwak xexx8yu xyri2b x18d9i69 x1c1uobl x1n2onr6\">\n<div class=\"html-div xdj266r x14z9mp xat24cr x1lziwak xexx8yu xyri2b x18d9i69 x1c1uobl x6ikm8r x10wlt62\"><img loading=\"lazy\" decoding=\"async\" class=\"alignnone wp-image-12595 size-full\" src=\"https:\/\/blogsaverroes.juntadeandalucia.es\/iesantonioalvarezlopez\/files\/2026\/03\/copa.jpg\" alt=\"\" width=\"510\" height=\"720\" srcset=\"https:\/\/blogsaverroes.juntadeandalucia.es\/iesantonioalvarezlopez\/files\/2026\/03\/copa.jpg 510w, https:\/\/blogsaverroes.juntadeandalucia.es\/iesantonioalvarezlopez\/files\/2026\/03\/copa-213x300.jpg 213w\" sizes=\"(max-width: 510px) 100vw, 510px\" \/><\/div>\n<\/div>\n<\/div>\n","protected":false},"excerpt":{"rendered":"<p>Nuestras chicas se clasificaron para las semifinales de la Copa Colegial de baloncesto y esperan vuestro apoyo este mi\u00e9rcoles 25 de marzo. Ser\u00e1 contra el equipo del IES Vel\u00e1zquez de Sevilla en el pabell\u00f3n&#46;&#46;&#46;<\/p>\n","protected":false},"author":10111,"featured_media":12595,"comment_status":"closed","ping_status":"closed","sticky":false,"template":"","format":"standard","meta":{"ngg_post_thumbnail":0,"footnotes":""},"categories":[10,9],"tags":[],"aioseo_notices":[],"_links":{"self":[{"href":"https:\/\/blogsaverroes.juntadeandalucia.es\/iesantonioalvarezlopez\/wp-json\/wp\/v2\/posts\/12594"}],"collection":[{"href":"https:\/\/blogsaverroes.juntadeandalucia.es\/iesantonioalvarezlopez\/wp-json\/wp\/v2\/posts"}],"about":[{"href":"https:\/\/blogsaverroes.juntadeandalucia.es\/iesantonioalvarezlopez\/wp-json\/wp\/v2\/types\/post"}],"author":[{"embeddable":true,"href":"https:\/\/blogsaverroes.juntadeandalucia.es\/iesantonioalvarezlopez\/wp-json\/wp\/v2\/users\/10111"}],"replies":[{"embeddable":true,"href":"https:\/\/blogsaverroes.juntadeandalucia.es\/iesantonioalvarezlopez\/wp-json\/wp\/v2\/comments?post=12594"}],"version-history":[{"count":1,"href":"https:\/\/blogsaverroes.juntadeandalucia.es\/iesantonioalvarezlopez\/wp-json\/wp\/v2\/posts\/12594\/revisions"}],"predecessor-version":[{"id":12596,"href":"https:\/\/blogsaverroes.juntadeandalucia.es\/iesantonioalvarezlopez\/wp-json\/wp\/v2\/posts\/12594\/revisions\/12596"}],"wp:featuredmedia":[{"embeddable":true,"href":"https:\/\/blogsaverroes.juntadeandalucia.es\/iesantonioalvarezlopez\/wp-json\/wp\/v2\/media\/12595"}],"wp:attachment":[{"href":"https:\/\/blogsaverroes.juntadeandalucia.es\/iesantonioalvarezlopez\/wp-json\/wp\/v2\/media?parent=12594"}],"wp:term":[{"taxonomy":"category","embeddable":true,"href":"https:\/\/blogsaverroes.juntadeandalucia.es\/iesantonioalvarezlopez\/wp-json\/wp\/v2\/categories?post=12594"},{"taxonomy":"post_tag","embeddable":true,"href":"https:\/\/blogsaverroes.juntadeandalucia.es\/iesantonioalvarezlopez\/wp-json\/wp\/v2\/tags?post=12594"}],"curies":[{"name":"wp","href":"https:\/\/api.w.org\/{rel}","templated":true}]}}