{"id":2734,"date":"2020-09-11T08:20:56","date_gmt":"2020-09-11T08:20:56","guid":{"rendered":"https:\/\/blogsaverroes.juntadeandalucia.es\/iesgelves\/?p=2734"},"modified":"2021-06-30T09:16:44","modified_gmt":"2021-06-30T09:16:44","slug":"2734-2","status":"publish","type":"post","link":"https:\/\/blogsaverroes.juntadeandalucia.es\/iesantonioalvarezlopez\/2734-2\/","title":{"rendered":"Reuniones con los tutores"},"content":{"rendered":"<p class=\"blink\" style=\"text-align: center\">&nbsp;<\/p>\n<table style=\"border-collapse: collapse;border: 4px solid #ffa126;color: #000000;width: 82.3846%;margin-left: auto;margin-right: auto;background-color: #ffe8ec;height: 221px\" border=\"1\" cellspacing=\"3\" cellpadding=\"3\">\n<tbody>\n<tr>\n<td>\n<p style=\"text-align: center\"><span style=\"font-size: 14px\">Estimadas familias,<\/span><\/p>\n<p style=\"text-align: center\"><span style=\"font-size: 14px\">El pr\u00f3ximo lunes, 14 de septiembre, los tutores de los 16 grupos tendr\u00e1n reuniones telem\u00e1ticas con las familias de sus respectivos alumnos. Ser\u00e1n a las 17:00 horas.<\/span><\/p>\n<p style=\"text-align: center\"><span style=\"font-size: 14px\">Ese mismo lunes, por la ma\u00f1ana, podr\u00e9is conocer los grupos asignados a vuestros hijos y recibir\u00e9is el enlace de la reuni\u00f3n.<\/span><\/p>\n<p style=\"text-align: center\"><span style=\"font-size: 14px\">Recibid un cordial saludo.<\/span><\/p>\n<\/td>\n<\/tr>\n<\/tbody>\n<\/table>\n<p>&nbsp;<\/p>\n","protected":false},"excerpt":{"rendered":"<p>&nbsp; Estimadas familias, El pr\u00f3ximo lunes, 14 de septiembre, los tutores de los 16 grupos tendr\u00e1n reuniones telem\u00e1ticas con las familias de sus respectivos alumnos. Ser\u00e1n a las 17:00 horas. Ese mismo lunes, por&#46;&#46;&#46;<\/p>\n","protected":false},"author":10111,"featured_media":4249,"comment_status":"closed","ping_status":"closed","sticky":false,"template":"","format":"standard","meta":{"ngg_post_thumbnail":0,"footnotes":""},"categories":[3],"tags":[],"aioseo_notices":[],"_links":{"self":[{"href":"https:\/\/blogsaverroes.juntadeandalucia.es\/iesantonioalvarezlopez\/wp-json\/wp\/v2\/posts\/2734"}],"collection":[{"href":"https:\/\/blogsaverroes.juntadeandalucia.es\/iesantonioalvarezlopez\/wp-json\/wp\/v2\/posts"}],"about":[{"href":"https:\/\/blogsaverroes.juntadeandalucia.es\/iesantonioalvarezlopez\/wp-json\/wp\/v2\/types\/post"}],"author":[{"embeddable":true,"href":"https:\/\/blogsaverroes.juntadeandalucia.es\/iesantonioalvarezlopez\/wp-json\/wp\/v2\/users\/10111"}],"replies":[{"embeddable":true,"href":"https:\/\/blogsaverroes.juntadeandalucia.es\/iesantonioalvarezlopez\/wp-json\/wp\/v2\/comments?post=2734"}],"version-history":[{"count":1,"href":"https:\/\/blogsaverroes.juntadeandalucia.es\/iesantonioalvarezlopez\/wp-json\/wp\/v2\/posts\/2734\/revisions"}],"predecessor-version":[{"id":4250,"href":"https:\/\/blogsaverroes.juntadeandalucia.es\/iesantonioalvarezlopez\/wp-json\/wp\/v2\/posts\/2734\/revisions\/4250"}],"wp:featuredmedia":[{"embeddable":true,"href":"https:\/\/blogsaverroes.juntadeandalucia.es\/iesantonioalvarezlopez\/wp-json\/wp\/v2\/media\/4249"}],"wp:attachment":[{"href":"https:\/\/blogsaverroes.juntadeandalucia.es\/iesantonioalvarezlopez\/wp-json\/wp\/v2\/media?parent=2734"}],"wp:term":[{"taxonomy":"category","embeddable":true,"href":"https:\/\/blogsaverroes.juntadeandalucia.es\/iesantonioalvarezlopez\/wp-json\/wp\/v2\/categories?post=2734"},{"taxonomy":"post_tag","embeddable":true,"href":"https:\/\/blogsaverroes.juntadeandalucia.es\/iesantonioalvarezlopez\/wp-json\/wp\/v2\/tags?post=2734"}],"curies":[{"name":"wp","href":"https:\/\/api.w.org\/{rel}","templated":true}]}}