{"id":2751,"date":"2020-09-14T22:35:50","date_gmt":"2020-09-14T22:35:50","guid":{"rendered":"https:\/\/blogsaverroes.juntadeandalucia.es\/iesgelves\/?p=2751"},"modified":"2021-06-30T09:24:16","modified_gmt":"2021-06-30T09:24:16","slug":"jornadas-de-presentacion","status":"publish","type":"post","link":"https:\/\/blogsaverroes.juntadeandalucia.es\/iesantonioalvarezlopez\/jornadas-de-presentacion\/","title":{"rendered":"Jornadas de presentaci\u00f3n"},"content":{"rendered":"<p class=\"blink\">Estimados miembros de la Comunidad Educativa del IES Gelves, ya estamos preparados para el comienzo del curso 2020\/2021. Este a\u00f1o cobra plenamente sentido el t\u00e9rmino \u00abcomunidad\u00bb, pues TODOS DEPENDEMOS DE TODOS.<\/p>\n<p>Las obras menores ya han finalizado y cuando concluya la ampliaci\u00f3n dispondremos de espacios suficientes para afrontar con garant\u00edas nuestros objetivos futuros.<\/p>\n<p>Desde hoy, como os adelantamos, ya conoc\u00e9is la distribuci\u00f3n de los grupos y las tutor\u00edas en iPasen. Y hab\u00e9i<span class=\"text_exposed_show\">s tenido reuni\u00f3n telem\u00e1tica con los tutores de los grupos de vuestros hijos. En este sentido, es muy importante que descargu\u00e9is&nbsp;<a href=\"https:\/\/www.juntadeandalucia.es\/educacion\/portalseneca\/web\/seneca\/ipasen\" target=\"_blank\" rel=\"noopener noreferrer\">iPasen<\/a>, pues ser\u00e1 el principal canal de comunicaci\u00f3n. Si os quedan dudas, llamadnos al 955762000 o escribidnos a direccion@iesgelves.com.<\/span><\/p>\n<div class=\"text_exposed_show\">\n<p>Sabemos que todos actuaremos con plena responsabilidad y que desde casa se tomar\u00e1n las medidas necesarias para llevar adelante un curso especial en las mejores circunstancias.<\/p>\n<p>Os recordamos:<\/p>\n<p>&#8211; Martes 15: presentaci\u00f3n de 1\u00ba de ESO a las 11:30 horas.<br \/>\n&#8211; Mi\u00e9rcoles 16: presentaci\u00f3n de 2\u00ba de ESO a las 11:30 horas.<br \/>\n&#8211; Jueves 17: presentaci\u00f3n de 3\u00ba de ESO a las 11:30 horas.<br \/>\n&#8211; Viernes 18: presentaci\u00f3n de 4\u00ba de ESO a las 11:30 horas.<\/p>\n<p>Desde las 11:00 horas habilitaremos cada uno de estos cuatro d\u00edas una mesa con miembros de nuestra AMPA para que el alumnado recoja su agenda (su coste es de 3 euros, siendo una gratuita para los socios).<\/p>\n<p>Muy importante: los menores con s\u00edntomas potencialmente compatibles con COVID, o en contacto con personas afectadas que no hubieran pasado el confinamiento indicado por el centro de salud, deber\u00e1n permanecer en casa y ponerse en contacto con el IES Gelves.<\/p>\n<\/div>\n<p>Entre todos lo haremos posible.<\/p>\n","protected":false},"excerpt":{"rendered":"<p>Estimados miembros de la Comunidad Educativa del IES Gelves, ya estamos preparados para el comienzo del curso 2020\/2021. Este a\u00f1o cobra plenamente sentido el t\u00e9rmino \u00abcomunidad\u00bb, pues TODOS DEPENDEMOS DE TODOS. Las obras menores&#46;&#46;&#46;<\/p>\n","protected":false},"author":10111,"featured_media":4251,"comment_status":"closed","ping_status":"closed","sticky":false,"template":"","format":"standard","meta":{"ngg_post_thumbnail":0,"footnotes":""},"categories":[3],"tags":[],"aioseo_notices":[],"_links":{"self":[{"href":"https:\/\/blogsaverroes.juntadeandalucia.es\/iesantonioalvarezlopez\/wp-json\/wp\/v2\/posts\/2751"}],"collection":[{"href":"https:\/\/blogsaverroes.juntadeandalucia.es\/iesantonioalvarezlopez\/wp-json\/wp\/v2\/posts"}],"about":[{"href":"https:\/\/blogsaverroes.juntadeandalucia.es\/iesantonioalvarezlopez\/wp-json\/wp\/v2\/types\/post"}],"author":[{"embeddable":true,"href":"https:\/\/blogsaverroes.juntadeandalucia.es\/iesantonioalvarezlopez\/wp-json\/wp\/v2\/users\/10111"}],"replies":[{"embeddable":true,"href":"https:\/\/blogsaverroes.juntadeandalucia.es\/iesantonioalvarezlopez\/wp-json\/wp\/v2\/comments?post=2751"}],"version-history":[{"count":1,"href":"https:\/\/blogsaverroes.juntadeandalucia.es\/iesantonioalvarezlopez\/wp-json\/wp\/v2\/posts\/2751\/revisions"}],"predecessor-version":[{"id":4252,"href":"https:\/\/blogsaverroes.juntadeandalucia.es\/iesantonioalvarezlopez\/wp-json\/wp\/v2\/posts\/2751\/revisions\/4252"}],"wp:featuredmedia":[{"embeddable":true,"href":"https:\/\/blogsaverroes.juntadeandalucia.es\/iesantonioalvarezlopez\/wp-json\/wp\/v2\/media\/4251"}],"wp:attachment":[{"href":"https:\/\/blogsaverroes.juntadeandalucia.es\/iesantonioalvarezlopez\/wp-json\/wp\/v2\/media?parent=2751"}],"wp:term":[{"taxonomy":"category","embeddable":true,"href":"https:\/\/blogsaverroes.juntadeandalucia.es\/iesantonioalvarezlopez\/wp-json\/wp\/v2\/categories?post=2751"},{"taxonomy":"post_tag","embeddable":true,"href":"https:\/\/blogsaverroes.juntadeandalucia.es\/iesantonioalvarezlopez\/wp-json\/wp\/v2\/tags?post=2751"}],"curies":[{"name":"wp","href":"https:\/\/api.w.org\/{rel}","templated":true}]}}