{"id":2842,"date":"2020-10-07T19:12:42","date_gmt":"2020-10-07T19:12:42","guid":{"rendered":"https:\/\/blogsaverroes.juntadeandalucia.es\/iesgelves\/?p=2842"},"modified":"2021-06-30T09:29:31","modified_gmt":"2021-06-30T09:29:31","slug":"dias-no-lectivos","status":"publish","type":"post","link":"https:\/\/blogsaverroes.juntadeandalucia.es\/iesantonioalvarezlopez\/dias-no-lectivos\/","title":{"rendered":"D\u00edas no lectivos"},"content":{"rendered":"<p>A todos los miembros de la Comunidad Educativa del IES Gelves: Este pr\u00f3ximo viernes, 9 de octubre, es fiesta local en el municipio y no habr\u00e1 clases, por lo que el alumnado no volver\u00e1 al instituto hasta el martes, 13 de octubre.<\/p>\n<p>Hoy se han aprobado en el Consejo Escolar Municipal los d\u00edas de libre disposici\u00f3n del curso 2020\/2021: 21 y 22 de abril, coincidiendo con la Feria de Abril de Sevilla.<\/p>\n<p>Por otro lado, se han dado a conocer los d\u00edas de fiesta local del a\u00f1o 2021: 23 de abril y 30 de agosto.<\/p>\n","protected":false},"excerpt":{"rendered":"<p>A todos los miembros de la Comunidad Educativa del IES Gelves: Este pr\u00f3ximo viernes, 9 de octubre, es fiesta local en el municipio y no habr\u00e1 clases, por lo que el alumnado no volver\u00e1&#46;&#46;&#46;<\/p>\n","protected":false},"author":10111,"featured_media":4257,"comment_status":"closed","ping_status":"closed","sticky":false,"template":"","format":"standard","meta":{"ngg_post_thumbnail":0,"footnotes":""},"categories":[3],"tags":[],"aioseo_notices":[],"_links":{"self":[{"href":"https:\/\/blogsaverroes.juntadeandalucia.es\/iesantonioalvarezlopez\/wp-json\/wp\/v2\/posts\/2842"}],"collection":[{"href":"https:\/\/blogsaverroes.juntadeandalucia.es\/iesantonioalvarezlopez\/wp-json\/wp\/v2\/posts"}],"about":[{"href":"https:\/\/blogsaverroes.juntadeandalucia.es\/iesantonioalvarezlopez\/wp-json\/wp\/v2\/types\/post"}],"author":[{"embeddable":true,"href":"https:\/\/blogsaverroes.juntadeandalucia.es\/iesantonioalvarezlopez\/wp-json\/wp\/v2\/users\/10111"}],"replies":[{"embeddable":true,"href":"https:\/\/blogsaverroes.juntadeandalucia.es\/iesantonioalvarezlopez\/wp-json\/wp\/v2\/comments?post=2842"}],"version-history":[{"count":1,"href":"https:\/\/blogsaverroes.juntadeandalucia.es\/iesantonioalvarezlopez\/wp-json\/wp\/v2\/posts\/2842\/revisions"}],"predecessor-version":[{"id":4258,"href":"https:\/\/blogsaverroes.juntadeandalucia.es\/iesantonioalvarezlopez\/wp-json\/wp\/v2\/posts\/2842\/revisions\/4258"}],"wp:featuredmedia":[{"embeddable":true,"href":"https:\/\/blogsaverroes.juntadeandalucia.es\/iesantonioalvarezlopez\/wp-json\/wp\/v2\/media\/4257"}],"wp:attachment":[{"href":"https:\/\/blogsaverroes.juntadeandalucia.es\/iesantonioalvarezlopez\/wp-json\/wp\/v2\/media?parent=2842"}],"wp:term":[{"taxonomy":"category","embeddable":true,"href":"https:\/\/blogsaverroes.juntadeandalucia.es\/iesantonioalvarezlopez\/wp-json\/wp\/v2\/categories?post=2842"},{"taxonomy":"post_tag","embeddable":true,"href":"https:\/\/blogsaverroes.juntadeandalucia.es\/iesantonioalvarezlopez\/wp-json\/wp\/v2\/tags?post=2842"}],"curies":[{"name":"wp","href":"https:\/\/api.w.org\/{rel}","templated":true}]}}