{"id":2910,"date":"2020-10-30T16:03:41","date_gmt":"2020-10-30T16:03:41","guid":{"rendered":"https:\/\/blogsaverroes.juntadeandalucia.es\/iesgelves\/?p=2910"},"modified":"2020-10-30T16:03:41","modified_gmt":"2020-10-30T16:03:41","slug":"2910-2","status":"publish","type":"post","link":"https:\/\/blogsaverroes.juntadeandalucia.es\/iesantonioalvarezlopez\/2910-2\/","title":{"rendered":"Simulacro de confinamiento"},"content":{"rendered":"<p>Estimados miembros de la Comunidad Educativa del IES Gelves, durante la pr\u00f3xima semana, del 3 al 6 de noviembre, ya que, como saben, el lunes 2 de noviembre es fiesta y d\u00eda no lectivo, llevaremos a cabo un \u00absimulacro de confinamiento\u00bb.<\/p>\n<div class=\"o9v6fnle cxmmr5t8 oygrvhab hcukyx3x c1et5uql ii04i59q\">\n<div dir=\"auto\">Llevamos un par de semanas prepar\u00e1ndolo desde el Equipo Directivo, el Departamento de FEIE, la Coordinaci\u00f3n TIC-TDE, el Departamento de Orientaci\u00f3n y el ETCP. Para ello hemos considerado oportuno realizar las siguientes actuaciones:<\/div>\n<\/div>\n<div class=\"o9v6fnle cxmmr5t8 oygrvhab hcukyx3x c1et5uql ii04i59q\">\n<div dir=\"auto\">-Cuestionarios individuales al alumnado sobre conocimiento y uso de los medios de comunicaci\u00f3n y env\u00edo de tareas usados desde el inicio, as\u00ed como sobre la conexi\u00f3n a internet y el n\u00famero de dispositivos y usuarios de estos en cada hogar.<\/div>\n<\/div>\n<div class=\"o9v6fnle cxmmr5t8 oygrvhab hcukyx3x c1et5uql ii04i59q\">\n<div dir=\"auto\">-Tutor\u00eda para formar grupos de tres alumnos en cada unidad, con el objetivo de fomentar un acompa\u00f1amiento entre iguales a la hora de planificar trabajo y estudio, y apoyo entre ellos. Pueden funcionar desde ya mismo; incluso en el caso de enfermedades de corta duraci\u00f3n o sanciones de 1 a 3 d\u00edas, m\u00e1s all\u00e1 de las actividades que les pongamos.<\/div>\n<\/div>\n<div class=\"o9v6fnle cxmmr5t8 oygrvhab hcukyx3x c1et5uql ii04i59q\">\n<div dir=\"auto\">-Todos los docentes vamos a enviar una tarea de prueba a trav\u00e9s de la plataforma (Classroom o Moodle) que usemos con ellos hasta el final de curso. La recepci\u00f3n de la respuesta a dicha actividad y su posterior calificaci\u00f3n son obligatorias, por lo que informaremos a las familias de quienes no respondan.<\/div>\n<\/div>\n<div class=\"o9v6fnle cxmmr5t8 oygrvhab hcukyx3x c1et5uql ii04i59q\">\n<div dir=\"auto\">Es fundamental que los correos electr\u00f3nicos de j\u00f3venes y familias est\u00e9n plenamente operativos y, sobre todo, saber que iPasen es y ser\u00e1 el cauce habitual de comunicaci\u00f3n docentes-madres y padres.<\/div>\n<\/div>\n<div class=\"o9v6fnle cxmmr5t8 oygrvhab hcukyx3x c1et5uql ii04i59q\">\n<div dir=\"auto\">Para cualquier duda, escriban a direccion@iesgelves.com.<\/div>\n<\/div>\n<div class=\"o9v6fnle cxmmr5t8 oygrvhab hcukyx3x c1et5uql ii04i59q\">\n<div dir=\"auto\">Gracias por vuestra inestimable colaboraci\u00f3n.<\/div>\n<\/div>\n<div class=\"kvgmc6g5 cxmmr5t8 oygrvhab hcukyx3x c1et5uql ii04i59q\">\n<div dir=\"auto\">ngg_shortcode_0_placeholder<\/div>\n<\/div>\n","protected":false},"excerpt":{"rendered":"<p>Estimados miembros de la Comunidad Educativa del IES Gelves, durante la pr\u00f3xima semana, del 3 al 6 de noviembre, ya que, como saben, el lunes 2 de noviembre es fiesta y d\u00eda no lectivo,&#46;&#46;&#46;<\/p>\n","protected":false},"author":10111,"featured_media":2911,"comment_status":"closed","ping_status":"closed","sticky":false,"template":"","format":"standard","meta":{"ngg_post_thumbnail":0,"footnotes":""},"categories":[4],"tags":[],"aioseo_notices":[],"_links":{"self":[{"href":"https:\/\/blogsaverroes.juntadeandalucia.es\/iesantonioalvarezlopez\/wp-json\/wp\/v2\/posts\/2910"}],"collection":[{"href":"https:\/\/blogsaverroes.juntadeandalucia.es\/iesantonioalvarezlopez\/wp-json\/wp\/v2\/posts"}],"about":[{"href":"https:\/\/blogsaverroes.juntadeandalucia.es\/iesantonioalvarezlopez\/wp-json\/wp\/v2\/types\/post"}],"author":[{"embeddable":true,"href":"https:\/\/blogsaverroes.juntadeandalucia.es\/iesantonioalvarezlopez\/wp-json\/wp\/v2\/users\/10111"}],"replies":[{"embeddable":true,"href":"https:\/\/blogsaverroes.juntadeandalucia.es\/iesantonioalvarezlopez\/wp-json\/wp\/v2\/comments?post=2910"}],"version-history":[{"count":0,"href":"https:\/\/blogsaverroes.juntadeandalucia.es\/iesantonioalvarezlopez\/wp-json\/wp\/v2\/posts\/2910\/revisions"}],"wp:featuredmedia":[{"embeddable":true,"href":"https:\/\/blogsaverroes.juntadeandalucia.es\/iesantonioalvarezlopez\/wp-json\/wp\/v2\/media\/2911"}],"wp:attachment":[{"href":"https:\/\/blogsaverroes.juntadeandalucia.es\/iesantonioalvarezlopez\/wp-json\/wp\/v2\/media?parent=2910"}],"wp:term":[{"taxonomy":"category","embeddable":true,"href":"https:\/\/blogsaverroes.juntadeandalucia.es\/iesantonioalvarezlopez\/wp-json\/wp\/v2\/categories?post=2910"},{"taxonomy":"post_tag","embeddable":true,"href":"https:\/\/blogsaverroes.juntadeandalucia.es\/iesantonioalvarezlopez\/wp-json\/wp\/v2\/tags?post=2910"}],"curies":[{"name":"wp","href":"https:\/\/api.w.org\/{rel}","templated":true}]}}