{"id":3432,"date":"2021-01-15T11:58:32","date_gmt":"2021-01-15T11:58:32","guid":{"rendered":"https:\/\/blogsaverroes.juntadeandalucia.es\/iesgelves\/?p=3432"},"modified":"2023-09-29T09:49:12","modified_gmt":"2023-09-29T07:49:12","slug":"jovenes-talentos","status":"publish","type":"post","link":"https:\/\/blogsaverroes.juntadeandalucia.es\/iesantonioalvarezlopez\/jovenes-talentos\/","title":{"rendered":"\u00abJ\u00f3venes talentos de relato corto\u00bb"},"content":{"rendered":"<p>Nuestros representantes en el concurso \u00abJ\u00f3venes talentos de relato corto\u00bb de este a\u00f1o son Ra\u00fal Arjona Cort\u00e9s, M\u00f3nica Fern\u00e1ndez Ajenjo, Valeria Fern\u00e1ndez Chaves, Ar\u00edstides Gil S\u00e1nchez, \u00c1frica Gonz\u00e1lez M\u00e1rquez, Carlos Izquierdo S\u00e1nchez, Laura Mart\u00ednez M\u00e1rquez, Luc\u00eda Moreno Velasco, Editza Dayiris R\u00edos Angulo, Izan Rodr\u00edguez Lino y Luc\u00eda S\u00e1nchez Barrios. Magn\u00edficos j\u00f3venes a los que deseamos una bonita experiencia.<\/p>\n<p style=\"text-align: center\"><a href=\"https:\/\/blogsaverroes.juntadeandalucia.es\/iesantonioalvarezlopez\/files\/2021\/01\/jovenes_talentos.jpg\"><img loading=\"lazy\" decoding=\"async\" class=\"alignnone size-large wp-image-3434\" src=\"https:\/\/blogsaverroes.juntadeandalucia.es\/iesantonioalvarezlopez\/files\/2021\/01\/jovenes_talentos-1024x768.jpg\" alt=\"\" width=\"1024\" height=\"768\" srcset=\"https:\/\/blogsaverroes.juntadeandalucia.es\/iesantonioalvarezlopez\/files\/2021\/01\/jovenes_talentos-1024x768.jpg 1024w, https:\/\/blogsaverroes.juntadeandalucia.es\/iesantonioalvarezlopez\/files\/2021\/01\/jovenes_talentos-300x225.jpg 300w, https:\/\/blogsaverroes.juntadeandalucia.es\/iesantonioalvarezlopez\/files\/2021\/01\/jovenes_talentos-768x576.jpg 768w, https:\/\/blogsaverroes.juntadeandalucia.es\/iesantonioalvarezlopez\/files\/2021\/01\/jovenes_talentos-1536x1152.jpg 1536w, https:\/\/blogsaverroes.juntadeandalucia.es\/iesantonioalvarezlopez\/files\/2021\/01\/jovenes_talentos.jpg 1600w\" sizes=\"(max-width: 1024px) 100vw, 1024px\" \/><\/a><\/p>\n","protected":false},"excerpt":{"rendered":"<p>Nuestros representantes en el concurso \u00abJ\u00f3venes talentos de relato corto\u00bb de este a\u00f1o son Ra\u00fal Arjona Cort\u00e9s, M\u00f3nica Fern\u00e1ndez Ajenjo, Valeria Fern\u00e1ndez Chaves, Ar\u00edstides Gil S\u00e1nchez, \u00c1frica Gonz\u00e1lez M\u00e1rquez, Carlos Izquierdo S\u00e1nchez, Laura Mart\u00ednez&#46;&#46;&#46;<\/p>\n","protected":false},"author":10111,"featured_media":3434,"comment_status":"closed","ping_status":"closed","sticky":false,"template":"","format":"standard","meta":{"ngg_post_thumbnail":0,"footnotes":""},"categories":[9],"tags":[],"aioseo_notices":[],"_links":{"self":[{"href":"https:\/\/blogsaverroes.juntadeandalucia.es\/iesantonioalvarezlopez\/wp-json\/wp\/v2\/posts\/3432"}],"collection":[{"href":"https:\/\/blogsaverroes.juntadeandalucia.es\/iesantonioalvarezlopez\/wp-json\/wp\/v2\/posts"}],"about":[{"href":"https:\/\/blogsaverroes.juntadeandalucia.es\/iesantonioalvarezlopez\/wp-json\/wp\/v2\/types\/post"}],"author":[{"embeddable":true,"href":"https:\/\/blogsaverroes.juntadeandalucia.es\/iesantonioalvarezlopez\/wp-json\/wp\/v2\/users\/10111"}],"replies":[{"embeddable":true,"href":"https:\/\/blogsaverroes.juntadeandalucia.es\/iesantonioalvarezlopez\/wp-json\/wp\/v2\/comments?post=3432"}],"version-history":[{"count":2,"href":"https:\/\/blogsaverroes.juntadeandalucia.es\/iesantonioalvarezlopez\/wp-json\/wp\/v2\/posts\/3432\/revisions"}],"predecessor-version":[{"id":7813,"href":"https:\/\/blogsaverroes.juntadeandalucia.es\/iesantonioalvarezlopez\/wp-json\/wp\/v2\/posts\/3432\/revisions\/7813"}],"wp:featuredmedia":[{"embeddable":true,"href":"https:\/\/blogsaverroes.juntadeandalucia.es\/iesantonioalvarezlopez\/wp-json\/wp\/v2\/media\/3434"}],"wp:attachment":[{"href":"https:\/\/blogsaverroes.juntadeandalucia.es\/iesantonioalvarezlopez\/wp-json\/wp\/v2\/media?parent=3432"}],"wp:term":[{"taxonomy":"category","embeddable":true,"href":"https:\/\/blogsaverroes.juntadeandalucia.es\/iesantonioalvarezlopez\/wp-json\/wp\/v2\/categories?post=3432"},{"taxonomy":"post_tag","embeddable":true,"href":"https:\/\/blogsaverroes.juntadeandalucia.es\/iesantonioalvarezlopez\/wp-json\/wp\/v2\/tags?post=3432"}],"curies":[{"name":"wp","href":"https:\/\/api.w.org\/{rel}","templated":true}]}}