{"id":3460,"date":"2021-01-22T22:36:45","date_gmt":"2021-01-22T22:36:45","guid":{"rendered":"https:\/\/blogsaverroes.juntadeandalucia.es\/iesgelves\/?p=3460"},"modified":"2021-01-22T22:36:45","modified_gmt":"2021-01-22T22:36:45","slug":"estadisticas-covid","status":"publish","type":"post","link":"https:\/\/blogsaverroes.juntadeandalucia.es\/iesantonioalvarezlopez\/estadisticas-covid\/","title":{"rendered":"Actualizaci\u00f3n estad\u00edsticas COVID-19"},"content":{"rendered":"<p>Estimadas familias:<\/p>\n<p>Una vez m\u00e1s, inmersos en la llamada \u00abtercera ola\u00bb, debemos pediros apoyo y el m\u00e1ximo rigor a la hora de cumplir con el Protocolo de Actuaci\u00f3n COVID, conocido desde inicios del curso. En este sentido, es fundamental que los j\u00f3venes con s\u00edntomas compatibles con el virus no acudan a clase, y sus familias deben contactar con el centro de salud y el propio instituto lo antes posible. Si se producen contactos estrechos con personas contagiadas tambi\u00e9n debemos conocerlo.<\/p>\n<p>La buena comunicaci\u00f3n es la clave. Todos los datos son inmediatamente puestos en conocimiento del profesorado y es el coordinador COVID quien los registra y contacta diariamente con nuestra enfermera de referencia. Precisamente, son los sanitarios quienes se encargan de avisar a las familias con casos sospechosos o confirmados sobre c\u00f3mo actuar, as\u00ed como del posterior rastreo.<\/p>\n<p>Por otro lado, cualquier falta de asistencia, sea cual sea el motivo, debe ser justificada a los tutores. Esta es la mejor manera de evitar preocupaciones innecesarias en el futuro.<\/p>\n<p>Han transcurrido cuatro meses y medio desde el inicio del curso escolar y todav\u00eda vemos varios j\u00f3venes acudiendo al centro con mascarillas en mal estado o haciendo un uso inadecuado de las mismas. Esta ense\u00f1anza es responsabilidad de todos y necesitamos seguir contando con vuestra colaboraci\u00f3n. No vamos a permitir que pongan en riesgo su salud y la de quienes estamos a su alrededor.<\/p>\n<p>Sabemos y agradecemos el esfuerzo que toda la Comunidad Educativa del IES Gelves viene realizando. Sin duda servir\u00e1 para que mejoremos nuestra calidad de vida y la educaci\u00f3n del alumnado en estos meses tan complicados.<\/p>\n<p>Nos despedimos con un afectuoso saludo y la actualizaci\u00f3n de los datos de la incidencia de la pandemia en nuestro centro.<\/p>\n<p style=\"text-align: center\"><a href=\"https:\/\/blogsaverroes.juntadeandalucia.es\/iesantonioalvarezlopez\/files\/2020\/12\/covid6.png\"><img loading=\"lazy\" decoding=\"async\" class=\"alignnone size-full wp-image-3476\" src=\"https:\/\/blogsaverroes.juntadeandalucia.es\/iesantonioalvarezlopez\/files\/2020\/12\/covid6.png\" alt=\"\" width=\"757\" height=\"380\" srcset=\"https:\/\/blogsaverroes.juntadeandalucia.es\/iesantonioalvarezlopez\/files\/2020\/12\/covid6.png 757w, https:\/\/blogsaverroes.juntadeandalucia.es\/iesantonioalvarezlopez\/files\/2020\/12\/covid6-300x151.png 300w\" sizes=\"(max-width: 757px) 100vw, 757px\" \/><\/a><\/p>\n<p>&nbsp;<\/p>\n","protected":false},"excerpt":{"rendered":"<p>Estimadas familias: Una vez m\u00e1s, inmersos en la llamada \u00abtercera ola\u00bb, debemos pediros apoyo y el m\u00e1ximo rigor a la hora de cumplir con el Protocolo de Actuaci\u00f3n COVID, conocido desde inicios del curso.&#46;&#46;&#46;<\/p>\n","protected":false},"author":10111,"featured_media":3476,"comment_status":"closed","ping_status":"closed","sticky":false,"template":"","format":"standard","meta":{"ngg_post_thumbnail":0,"footnotes":""},"categories":[7],"tags":[],"aioseo_notices":[],"_links":{"self":[{"href":"https:\/\/blogsaverroes.juntadeandalucia.es\/iesantonioalvarezlopez\/wp-json\/wp\/v2\/posts\/3460"}],"collection":[{"href":"https:\/\/blogsaverroes.juntadeandalucia.es\/iesantonioalvarezlopez\/wp-json\/wp\/v2\/posts"}],"about":[{"href":"https:\/\/blogsaverroes.juntadeandalucia.es\/iesantonioalvarezlopez\/wp-json\/wp\/v2\/types\/post"}],"author":[{"embeddable":true,"href":"https:\/\/blogsaverroes.juntadeandalucia.es\/iesantonioalvarezlopez\/wp-json\/wp\/v2\/users\/10111"}],"replies":[{"embeddable":true,"href":"https:\/\/blogsaverroes.juntadeandalucia.es\/iesantonioalvarezlopez\/wp-json\/wp\/v2\/comments?post=3460"}],"version-history":[{"count":0,"href":"https:\/\/blogsaverroes.juntadeandalucia.es\/iesantonioalvarezlopez\/wp-json\/wp\/v2\/posts\/3460\/revisions"}],"wp:featuredmedia":[{"embeddable":true,"href":"https:\/\/blogsaverroes.juntadeandalucia.es\/iesantonioalvarezlopez\/wp-json\/wp\/v2\/media\/3476"}],"wp:attachment":[{"href":"https:\/\/blogsaverroes.juntadeandalucia.es\/iesantonioalvarezlopez\/wp-json\/wp\/v2\/media?parent=3460"}],"wp:term":[{"taxonomy":"category","embeddable":true,"href":"https:\/\/blogsaverroes.juntadeandalucia.es\/iesantonioalvarezlopez\/wp-json\/wp\/v2\/categories?post=3460"},{"taxonomy":"post_tag","embeddable":true,"href":"https:\/\/blogsaverroes.juntadeandalucia.es\/iesantonioalvarezlopez\/wp-json\/wp\/v2\/tags?post=3460"}],"curies":[{"name":"wp","href":"https:\/\/api.w.org\/{rel}","templated":true}]}}