{"id":3482,"date":"2021-02-03T11:00:18","date_gmt":"2021-02-03T11:00:18","guid":{"rendered":"https:\/\/blogsaverroes.juntadeandalucia.es\/iesgelves\/?p=3482"},"modified":"2021-02-03T11:00:18","modified_gmt":"2021-02-03T11:00:18","slug":"programa-orientaline","status":"publish","type":"post","link":"https:\/\/blogsaverroes.juntadeandalucia.es\/iesantonioalvarezlopez\/programa-orientaline\/","title":{"rendered":"Programa OrientaLine"},"content":{"rendered":"<p>El&nbsp;Programa Orienta&nbsp;es el programa de&nbsp;Orientaci\u00f3n Escolar&nbsp;dirigido a los alumnos y alumnas del centro que quieran informarse sobre su futuro acad\u00e9mico. Tiene las siguientes caracter\u00edsticas:<\/p>\n<p>Muestra datos actualizados sobre los distintos itinerarios educativos desde 4\u00ba de la ESO hasta estudios superiores.<br \/>\nInformaci\u00f3n seg\u00fan normativa vigente.<br \/>\nVarios cuestionarios de Orientaci\u00f3n Escolar adaptados a la edad y al tipo de estudios.<br \/>\nCuestionario de profesiones, que completa la informaci\u00f3n sobre las perspectivas profesionales de nuestros alumnos y alumnas.<br \/>\nTodo ello presentado de forma atractiva, sencilla e intuitiva, y personalizado a nuestro centro escolar.<\/p>\n<p style=\"text-align: center\"><a href=\"http:\/\/www.orientaline.es\/?yafxb=73717\"><img loading=\"lazy\" decoding=\"async\" class=\"alignnone size-full wp-image-3481\" src=\"https:\/\/blogsaverroes.juntadeandalucia.es\/iesantonioalvarezlopez\/files\/2021\/01\/orientaline.jpg\" alt=\"\" width=\"562\" height=\"563\" srcset=\"https:\/\/blogsaverroes.juntadeandalucia.es\/iesantonioalvarezlopez\/files\/2021\/01\/orientaline.jpg 562w, https:\/\/blogsaverroes.juntadeandalucia.es\/iesantonioalvarezlopez\/files\/2021\/01\/orientaline-300x300.jpg 300w, https:\/\/blogsaverroes.juntadeandalucia.es\/iesantonioalvarezlopez\/files\/2021\/01\/orientaline-150x150.jpg 150w, https:\/\/blogsaverroes.juntadeandalucia.es\/iesantonioalvarezlopez\/files\/2021\/01\/orientaline-80x80.jpg 80w, https:\/\/blogsaverroes.juntadeandalucia.es\/iesantonioalvarezlopez\/files\/2021\/01\/orientaline-320x320.jpg 320w\" sizes=\"(max-width: 562px) 100vw, 562px\" \/><\/a><\/p>\n","protected":false},"excerpt":{"rendered":"<p>El&nbsp;Programa Orienta&nbsp;es el programa de&nbsp;Orientaci\u00f3n Escolar&nbsp;dirigido a los alumnos y alumnas del centro que quieran informarse sobre su futuro acad\u00e9mico. Tiene las siguientes caracter\u00edsticas: Muestra datos actualizados sobre los distintos itinerarios educativos desde 4\u00ba&#46;&#46;&#46;<\/p>\n","protected":false},"author":10111,"featured_media":3481,"comment_status":"closed","ping_status":"closed","sticky":false,"template":"","format":"standard","meta":{"ngg_post_thumbnail":0,"footnotes":""},"categories":[13],"tags":[],"aioseo_notices":[],"_links":{"self":[{"href":"https:\/\/blogsaverroes.juntadeandalucia.es\/iesantonioalvarezlopez\/wp-json\/wp\/v2\/posts\/3482"}],"collection":[{"href":"https:\/\/blogsaverroes.juntadeandalucia.es\/iesantonioalvarezlopez\/wp-json\/wp\/v2\/posts"}],"about":[{"href":"https:\/\/blogsaverroes.juntadeandalucia.es\/iesantonioalvarezlopez\/wp-json\/wp\/v2\/types\/post"}],"author":[{"embeddable":true,"href":"https:\/\/blogsaverroes.juntadeandalucia.es\/iesantonioalvarezlopez\/wp-json\/wp\/v2\/users\/10111"}],"replies":[{"embeddable":true,"href":"https:\/\/blogsaverroes.juntadeandalucia.es\/iesantonioalvarezlopez\/wp-json\/wp\/v2\/comments?post=3482"}],"version-history":[{"count":0,"href":"https:\/\/blogsaverroes.juntadeandalucia.es\/iesantonioalvarezlopez\/wp-json\/wp\/v2\/posts\/3482\/revisions"}],"wp:featuredmedia":[{"embeddable":true,"href":"https:\/\/blogsaverroes.juntadeandalucia.es\/iesantonioalvarezlopez\/wp-json\/wp\/v2\/media\/3481"}],"wp:attachment":[{"href":"https:\/\/blogsaverroes.juntadeandalucia.es\/iesantonioalvarezlopez\/wp-json\/wp\/v2\/media?parent=3482"}],"wp:term":[{"taxonomy":"category","embeddable":true,"href":"https:\/\/blogsaverroes.juntadeandalucia.es\/iesantonioalvarezlopez\/wp-json\/wp\/v2\/categories?post=3482"},{"taxonomy":"post_tag","embeddable":true,"href":"https:\/\/blogsaverroes.juntadeandalucia.es\/iesantonioalvarezlopez\/wp-json\/wp\/v2\/tags?post=3482"}],"curies":[{"name":"wp","href":"https:\/\/api.w.org\/{rel}","templated":true}]}}