{"id":3594,"date":"2021-02-23T16:29:09","date_gmt":"2021-02-23T16:29:09","guid":{"rendered":"https:\/\/blogsaverroes.juntadeandalucia.es\/iesgelves\/?p=3594"},"modified":"2021-02-23T16:29:09","modified_gmt":"2021-02-23T16:29:09","slug":"desayuno-andaluz","status":"publish","type":"post","link":"https:\/\/blogsaverroes.juntadeandalucia.es\/iesantonioalvarezlopez\/desayuno-andaluz\/","title":{"rendered":"Desayuno andaluz"},"content":{"rendered":"<p>A pesar de las circunstancias que vivimos, no queremos dejar atr\u00e1s la tradicional actividad del \u201cDesayuno andaluz\u201d que, de cara al D\u00eda de Andaluc\u00eda, lleva a cabo la AMPA del IES Gelves cada a\u00f1o. Eso s\u00ed, este curso tomaremos productos de In\u00e9s Rosales, con envoltorios individuales y cuya donaci\u00f3n agradecemos enormemente a la citada empresa, adem\u00e1s de zumos y batidos. Se realizar\u00e1 durante el recreo del pr\u00f3ximo jueves, d\u00eda 25 de febrero, siempre al aire libre, con el alumnado separado en las zonas que cada grupo de convivencia tiene en el centro, sin manipulaci\u00f3n de terceras personas y con distribuci\u00f3n supervisada por madres y padres que estar\u00e1n protegidos por mascarillas, guantes y gel hidroalcoh\u00f3lico.<\/p>\n<p>Colocaremos cubos de basura para recoger los residuos y mantener el centro limpio tras el desayuno. Esperamos disfrutar este d\u00eda.<\/p>\n<p><a href=\"https:\/\/blogsaverroes.juntadeandalucia.es\/iesantonioalvarezlopez\/files\/2021\/02\/rio.jpg\"><img loading=\"lazy\" decoding=\"async\" class=\"size-large wp-image-3595 aligncenter\" src=\"https:\/\/blogsaverroes.juntadeandalucia.es\/iesantonioalvarezlopez\/files\/2021\/02\/rio-1024x664.jpg\" alt=\"\" width=\"1024\" height=\"664\" srcset=\"https:\/\/blogsaverroes.juntadeandalucia.es\/iesantonioalvarezlopez\/files\/2021\/02\/rio-1024x664.jpg 1024w, https:\/\/blogsaverroes.juntadeandalucia.es\/iesantonioalvarezlopez\/files\/2021\/02\/rio-300x195.jpg 300w, https:\/\/blogsaverroes.juntadeandalucia.es\/iesantonioalvarezlopez\/files\/2021\/02\/rio-768x498.jpg 768w, https:\/\/blogsaverroes.juntadeandalucia.es\/iesantonioalvarezlopez\/files\/2021\/02\/rio-1536x996.jpg 1536w, https:\/\/blogsaverroes.juntadeandalucia.es\/iesantonioalvarezlopez\/files\/2021\/02\/rio.jpg 1600w\" sizes=\"(max-width: 1024px) 100vw, 1024px\" \/><\/a><\/p>\n","protected":false},"excerpt":{"rendered":"<p>A pesar de las circunstancias que vivimos, no queremos dejar atr\u00e1s la tradicional actividad del \u201cDesayuno andaluz\u201d que, de cara al D\u00eda de Andaluc\u00eda, lleva a cabo la AMPA del IES Gelves cada a\u00f1o.&#46;&#46;&#46;<\/p>\n","protected":false},"author":10111,"featured_media":3595,"comment_status":"closed","ping_status":"closed","sticky":false,"template":"","format":"standard","meta":{"ngg_post_thumbnail":0,"footnotes":""},"categories":[5,11,4,8],"tags":[],"aioseo_notices":[],"_links":{"self":[{"href":"https:\/\/blogsaverroes.juntadeandalucia.es\/iesantonioalvarezlopez\/wp-json\/wp\/v2\/posts\/3594"}],"collection":[{"href":"https:\/\/blogsaverroes.juntadeandalucia.es\/iesantonioalvarezlopez\/wp-json\/wp\/v2\/posts"}],"about":[{"href":"https:\/\/blogsaverroes.juntadeandalucia.es\/iesantonioalvarezlopez\/wp-json\/wp\/v2\/types\/post"}],"author":[{"embeddable":true,"href":"https:\/\/blogsaverroes.juntadeandalucia.es\/iesantonioalvarezlopez\/wp-json\/wp\/v2\/users\/10111"}],"replies":[{"embeddable":true,"href":"https:\/\/blogsaverroes.juntadeandalucia.es\/iesantonioalvarezlopez\/wp-json\/wp\/v2\/comments?post=3594"}],"version-history":[{"count":0,"href":"https:\/\/blogsaverroes.juntadeandalucia.es\/iesantonioalvarezlopez\/wp-json\/wp\/v2\/posts\/3594\/revisions"}],"wp:featuredmedia":[{"embeddable":true,"href":"https:\/\/blogsaverroes.juntadeandalucia.es\/iesantonioalvarezlopez\/wp-json\/wp\/v2\/media\/3595"}],"wp:attachment":[{"href":"https:\/\/blogsaverroes.juntadeandalucia.es\/iesantonioalvarezlopez\/wp-json\/wp\/v2\/media?parent=3594"}],"wp:term":[{"taxonomy":"category","embeddable":true,"href":"https:\/\/blogsaverroes.juntadeandalucia.es\/iesantonioalvarezlopez\/wp-json\/wp\/v2\/categories?post=3594"},{"taxonomy":"post_tag","embeddable":true,"href":"https:\/\/blogsaverroes.juntadeandalucia.es\/iesantonioalvarezlopez\/wp-json\/wp\/v2\/tags?post=3594"}],"curies":[{"name":"wp","href":"https:\/\/api.w.org\/{rel}","templated":true}]}}