{"id":3666,"date":"2021-03-12T22:14:08","date_gmt":"2021-03-12T22:14:08","guid":{"rendered":"https:\/\/blogsaverroes.juntadeandalucia.es\/iesgelves\/?p=3666"},"modified":"2021-03-12T22:14:08","modified_gmt":"2021-03-12T22:14:08","slug":"inicio-de-tramites","status":"publish","type":"post","link":"https:\/\/blogsaverroes.juntadeandalucia.es\/iesantonioalvarezlopez\/inicio-de-tramites\/","title":{"rendered":"Inicio de tr\u00e1mites"},"content":{"rendered":"<p>Por la importancia y la trascendencia de ambas actuaciones, queremos transmitir a nuestra Comunidad Educativa que hoy hemos presentado en la Delegaci\u00f3n Territorial de Educaci\u00f3n de Sevilla la solicitud para acoger la etapa de Bachillerato para el curso 2022\/2023 y, c\u00f3mo no, la del cambio de denominaci\u00f3n del centro, que pasar\u00eda a llamarse, con el mayor de los merecimientos para nuestro Director Em\u00e9rito, IES Antonio \u00c1lvarez L\u00f3pez.<\/p>\n<p>Confiamos en que este camino reci\u00e9n iniciado, c<span class=\"text_exposed_show\">on la enorme ilusi\u00f3n y el apoyo de todos los sectores que trabajan, estudian y colaboran en el IES Gelves, as\u00ed como de quienes pasaron por sus aulas y contribuyeron a la formaci\u00f3n de tantas promociones desde sus inicios, llegue a buen puerto.<\/span><\/p>\n<div class=\"text_exposed_show\">\n<p>Felicidades y gracias a la AMPA \u00abEl Pandero\u00bb, la Asociaci\u00f3n de Antiguos Alumnos y Alumnas \u00abJos\u00e9 Mar\u00eda Cant\u00f3n M\u00e1rquez\u00bb, el CEIP Duques de Alba y el CEIP Do\u00f1a Rosa Fern\u00e1ndez.<\/p>\n<p><a href=\"https:\/\/blogsaverroes.juntadeandalucia.es\/iesantonioalvarezlopez\/files\/2021\/02\/portada3.jpg\"><img loading=\"lazy\" decoding=\"async\" class=\"size-large wp-image-3583 aligncenter\" src=\"https:\/\/blogsaverroes.juntadeandalucia.es\/iesantonioalvarezlopez\/files\/2021\/02\/portada3-1024x208.jpg\" alt=\"\" width=\"1024\" height=\"208\" srcset=\"https:\/\/blogsaverroes.juntadeandalucia.es\/iesantonioalvarezlopez\/files\/2021\/02\/portada3-1024x208.jpg 1024w, https:\/\/blogsaverroes.juntadeandalucia.es\/iesantonioalvarezlopez\/files\/2021\/02\/portada3-300x61.jpg 300w, https:\/\/blogsaverroes.juntadeandalucia.es\/iesantonioalvarezlopez\/files\/2021\/02\/portada3-768x156.jpg 768w, https:\/\/blogsaverroes.juntadeandalucia.es\/iesantonioalvarezlopez\/files\/2021\/02\/portada3.jpg 1500w\" sizes=\"(max-width: 1024px) 100vw, 1024px\" \/><\/a><\/p>\n<\/div>\n","protected":false},"excerpt":{"rendered":"<p>Por la importancia y la trascendencia de ambas actuaciones, queremos transmitir a nuestra Comunidad Educativa que hoy hemos presentado en la Delegaci\u00f3n Territorial de Educaci\u00f3n de Sevilla la solicitud para acoger la etapa de&#46;&#46;&#46;<\/p>\n","protected":false},"author":10111,"featured_media":3668,"comment_status":"closed","ping_status":"closed","sticky":false,"template":"","format":"standard","meta":{"ngg_post_thumbnail":0,"footnotes":""},"categories":[4,3],"tags":[],"aioseo_notices":[],"_links":{"self":[{"href":"https:\/\/blogsaverroes.juntadeandalucia.es\/iesantonioalvarezlopez\/wp-json\/wp\/v2\/posts\/3666"}],"collection":[{"href":"https:\/\/blogsaverroes.juntadeandalucia.es\/iesantonioalvarezlopez\/wp-json\/wp\/v2\/posts"}],"about":[{"href":"https:\/\/blogsaverroes.juntadeandalucia.es\/iesantonioalvarezlopez\/wp-json\/wp\/v2\/types\/post"}],"author":[{"embeddable":true,"href":"https:\/\/blogsaverroes.juntadeandalucia.es\/iesantonioalvarezlopez\/wp-json\/wp\/v2\/users\/10111"}],"replies":[{"embeddable":true,"href":"https:\/\/blogsaverroes.juntadeandalucia.es\/iesantonioalvarezlopez\/wp-json\/wp\/v2\/comments?post=3666"}],"version-history":[{"count":0,"href":"https:\/\/blogsaverroes.juntadeandalucia.es\/iesantonioalvarezlopez\/wp-json\/wp\/v2\/posts\/3666\/revisions"}],"wp:featuredmedia":[{"embeddable":true,"href":"https:\/\/blogsaverroes.juntadeandalucia.es\/iesantonioalvarezlopez\/wp-json\/wp\/v2\/media\/3668"}],"wp:attachment":[{"href":"https:\/\/blogsaverroes.juntadeandalucia.es\/iesantonioalvarezlopez\/wp-json\/wp\/v2\/media?parent=3666"}],"wp:term":[{"taxonomy":"category","embeddable":true,"href":"https:\/\/blogsaverroes.juntadeandalucia.es\/iesantonioalvarezlopez\/wp-json\/wp\/v2\/categories?post=3666"},{"taxonomy":"post_tag","embeddable":true,"href":"https:\/\/blogsaverroes.juntadeandalucia.es\/iesantonioalvarezlopez\/wp-json\/wp\/v2\/tags?post=3666"}],"curies":[{"name":"wp","href":"https:\/\/api.w.org\/{rel}","templated":true}]}}