{"id":4648,"date":"2021-11-04T16:02:37","date_gmt":"2021-11-04T16:02:37","guid":{"rendered":"https:\/\/blogsaverroes.juntadeandalucia.es\/iesantonioalvarezlopez\/?p=4648"},"modified":"2021-11-04T16:02:37","modified_gmt":"2021-11-04T16:02:37","slug":"volcan-solidario","status":"publish","type":"post","link":"https:\/\/blogsaverroes.juntadeandalucia.es\/iesantonioalvarezlopez\/volcan-solidario\/","title":{"rendered":"Volc\u00e1n solidario"},"content":{"rendered":"<p>Sabemos lo mucho que necesitan en La Palma y quer\u00edamos contribuir con la solidaridad que siempre nos ha caracterizado. Es por eso que vamos a recaudar el m\u00e1ximo dinero posible con nuestro \u00abVolc\u00e1n solidario\u00bb. En breve conocer\u00e9is los detalles. Vamos a hacernos sentir con el respaldo a todos los que sufren d\u00eda a d\u00eda las enormes consecuencias de la tragedia a trav\u00e9s de una asociaci\u00f3n que destine el 100% de lo conseguido a paliar sus necesidades. Al menos, un euro por cada miembro (alumnos, familiares, profesores, personal de Administraci\u00f3n y Servicios&#8230;) de la Comunidad Educativa del IES Antonio \u00c1lvarez L\u00f3pez. Los primeros pasos se han dado desde el Departamento de Dibujo, que ha creado este volc\u00e1n en miniatura que ir\u00e1 informando del dinero aportado por todos en cada momento, y la donaci\u00f3n de nuestros vecinos de \u00abLa Tiendecita\u00bb, que ha regalado las huchas. Os invitamos a mostrar que esta localidad est\u00e1 dispuesta a entregarse por los m\u00e1s vulnerables.<\/p>\n<p><a href=\"https:\/\/blogsaverroes.juntadeandalucia.es\/iesantonioalvarezlopez\/files\/2021\/11\/volcan.jpg\"><img loading=\"lazy\" decoding=\"async\" class=\"size-medium wp-image-4649 aligncenter\" src=\"https:\/\/blogsaverroes.juntadeandalucia.es\/iesantonioalvarezlopez\/files\/2021\/11\/volcan-300x300.jpg\" alt=\"\" width=\"300\" height=\"300\" srcset=\"https:\/\/blogsaverroes.juntadeandalucia.es\/iesantonioalvarezlopez\/files\/2021\/11\/volcan-300x300.jpg 300w, https:\/\/blogsaverroes.juntadeandalucia.es\/iesantonioalvarezlopez\/files\/2021\/11\/volcan.jpg 1024w, https:\/\/blogsaverroes.juntadeandalucia.es\/iesantonioalvarezlopez\/files\/2021\/11\/volcan-150x150.jpg 150w, https:\/\/blogsaverroes.juntadeandalucia.es\/iesantonioalvarezlopez\/files\/2021\/11\/volcan-768x768.jpg 768w, https:\/\/blogsaverroes.juntadeandalucia.es\/iesantonioalvarezlopez\/files\/2021\/11\/volcan-80x80.jpg 80w, https:\/\/blogsaverroes.juntadeandalucia.es\/iesantonioalvarezlopez\/files\/2021\/11\/volcan-320x320.jpg 320w\" sizes=\"(max-width: 300px) 100vw, 300px\" \/><\/a><\/p>\n","protected":false},"excerpt":{"rendered":"<p>Sabemos lo mucho que necesitan en La Palma y quer\u00edamos contribuir con la solidaridad que siempre nos ha caracterizado. Es por eso que vamos a recaudar el m\u00e1ximo dinero posible con nuestro \u00abVolc\u00e1n solidario\u00bb.&#46;&#46;&#46;<\/p>\n","protected":false},"author":10111,"featured_media":4649,"comment_status":"closed","ping_status":"closed","sticky":false,"template":"","format":"standard","meta":{"ngg_post_thumbnail":0,"footnotes":""},"categories":[10],"tags":[],"aioseo_notices":[],"_links":{"self":[{"href":"https:\/\/blogsaverroes.juntadeandalucia.es\/iesantonioalvarezlopez\/wp-json\/wp\/v2\/posts\/4648"}],"collection":[{"href":"https:\/\/blogsaverroes.juntadeandalucia.es\/iesantonioalvarezlopez\/wp-json\/wp\/v2\/posts"}],"about":[{"href":"https:\/\/blogsaverroes.juntadeandalucia.es\/iesantonioalvarezlopez\/wp-json\/wp\/v2\/types\/post"}],"author":[{"embeddable":true,"href":"https:\/\/blogsaverroes.juntadeandalucia.es\/iesantonioalvarezlopez\/wp-json\/wp\/v2\/users\/10111"}],"replies":[{"embeddable":true,"href":"https:\/\/blogsaverroes.juntadeandalucia.es\/iesantonioalvarezlopez\/wp-json\/wp\/v2\/comments?post=4648"}],"version-history":[{"count":1,"href":"https:\/\/blogsaverroes.juntadeandalucia.es\/iesantonioalvarezlopez\/wp-json\/wp\/v2\/posts\/4648\/revisions"}],"predecessor-version":[{"id":4650,"href":"https:\/\/blogsaverroes.juntadeandalucia.es\/iesantonioalvarezlopez\/wp-json\/wp\/v2\/posts\/4648\/revisions\/4650"}],"wp:featuredmedia":[{"embeddable":true,"href":"https:\/\/blogsaverroes.juntadeandalucia.es\/iesantonioalvarezlopez\/wp-json\/wp\/v2\/media\/4649"}],"wp:attachment":[{"href":"https:\/\/blogsaverroes.juntadeandalucia.es\/iesantonioalvarezlopez\/wp-json\/wp\/v2\/media?parent=4648"}],"wp:term":[{"taxonomy":"category","embeddable":true,"href":"https:\/\/blogsaverroes.juntadeandalucia.es\/iesantonioalvarezlopez\/wp-json\/wp\/v2\/categories?post=4648"},{"taxonomy":"post_tag","embeddable":true,"href":"https:\/\/blogsaverroes.juntadeandalucia.es\/iesantonioalvarezlopez\/wp-json\/wp\/v2\/tags?post=4648"}],"curies":[{"name":"wp","href":"https:\/\/api.w.org\/{rel}","templated":true}]}}