{"id":4894,"date":"2021-12-02T22:33:37","date_gmt":"2021-12-02T22:33:37","guid":{"rendered":"https:\/\/blogsaverroes.juntadeandalucia.es\/iesantonioalvarezlopez\/?p=4894"},"modified":"2021-12-02T22:38:32","modified_gmt":"2021-12-02T22:38:32","slug":"proximos-festivos","status":"publish","type":"post","link":"https:\/\/blogsaverroes.juntadeandalucia.es\/iesantonioalvarezlopez\/proximos-festivos\/","title":{"rendered":"Pr\u00f3ximos festivos"},"content":{"rendered":"<p>Comunicamos a todos los miembros de nuestra Comunidad Educativa que los pr\u00f3ximos lunes 6 y mi\u00e9rcoles 8 son festivos, y a ellos hay que sumarles el martes 7, declarado de libre disposici\u00f3n por el Consejo Escolar Municipal celebrado el 22 de septiembre del presente a\u00f1o. Es por ello que, una vez concluyamos la jornada de ma\u00f1ana, nuestro j\u00f3venes no volver\u00e1n a clase hasta el jueves 9 y, dada la cercan\u00eda del final de trimestre, les animamos a realizar ese esfuerzo que les permita obtener las mejores calificaciones posibles en esta Primera Evaluaci\u00f3n.<\/p>\n<p><a href=\"https:\/\/blogsaverroes.juntadeandalucia.es\/iesantonioalvarezlopez\/files\/2021\/12\/diciembre.jpg\"><img loading=\"lazy\" decoding=\"async\" class=\"size-medium wp-image-4896 aligncenter\" src=\"https:\/\/blogsaverroes.juntadeandalucia.es\/iesantonioalvarezlopez\/files\/2021\/12\/diciembre-300x212.jpg\" alt=\"\" width=\"300\" height=\"212\" srcset=\"https:\/\/blogsaverroes.juntadeandalucia.es\/iesantonioalvarezlopez\/files\/2021\/12\/diciembre-300x212.jpg 300w, https:\/\/blogsaverroes.juntadeandalucia.es\/iesantonioalvarezlopez\/files\/2021\/12\/diciembre-768x543.jpg 768w, https:\/\/blogsaverroes.juntadeandalucia.es\/iesantonioalvarezlopez\/files\/2021\/12\/diciembre.jpg 900w\" sizes=\"(max-width: 300px) 100vw, 300px\" \/><\/a><\/p>\n","protected":false},"excerpt":{"rendered":"<p>Comunicamos a todos los miembros de nuestra Comunidad Educativa que los pr\u00f3ximos lunes 6 y mi\u00e9rcoles 8 son festivos, y a ellos hay que sumarles el martes 7, declarado de libre disposici\u00f3n por el&#46;&#46;&#46;<\/p>\n","protected":false},"author":10111,"featured_media":4896,"comment_status":"closed","ping_status":"closed","sticky":false,"template":"","format":"standard","meta":{"ngg_post_thumbnail":0,"footnotes":""},"categories":[3],"tags":[],"aioseo_notices":[],"_links":{"self":[{"href":"https:\/\/blogsaverroes.juntadeandalucia.es\/iesantonioalvarezlopez\/wp-json\/wp\/v2\/posts\/4894"}],"collection":[{"href":"https:\/\/blogsaverroes.juntadeandalucia.es\/iesantonioalvarezlopez\/wp-json\/wp\/v2\/posts"}],"about":[{"href":"https:\/\/blogsaverroes.juntadeandalucia.es\/iesantonioalvarezlopez\/wp-json\/wp\/v2\/types\/post"}],"author":[{"embeddable":true,"href":"https:\/\/blogsaverroes.juntadeandalucia.es\/iesantonioalvarezlopez\/wp-json\/wp\/v2\/users\/10111"}],"replies":[{"embeddable":true,"href":"https:\/\/blogsaverroes.juntadeandalucia.es\/iesantonioalvarezlopez\/wp-json\/wp\/v2\/comments?post=4894"}],"version-history":[{"count":3,"href":"https:\/\/blogsaverroes.juntadeandalucia.es\/iesantonioalvarezlopez\/wp-json\/wp\/v2\/posts\/4894\/revisions"}],"predecessor-version":[{"id":4898,"href":"https:\/\/blogsaverroes.juntadeandalucia.es\/iesantonioalvarezlopez\/wp-json\/wp\/v2\/posts\/4894\/revisions\/4898"}],"wp:featuredmedia":[{"embeddable":true,"href":"https:\/\/blogsaverroes.juntadeandalucia.es\/iesantonioalvarezlopez\/wp-json\/wp\/v2\/media\/4896"}],"wp:attachment":[{"href":"https:\/\/blogsaverroes.juntadeandalucia.es\/iesantonioalvarezlopez\/wp-json\/wp\/v2\/media?parent=4894"}],"wp:term":[{"taxonomy":"category","embeddable":true,"href":"https:\/\/blogsaverroes.juntadeandalucia.es\/iesantonioalvarezlopez\/wp-json\/wp\/v2\/categories?post=4894"},{"taxonomy":"post_tag","embeddable":true,"href":"https:\/\/blogsaverroes.juntadeandalucia.es\/iesantonioalvarezlopez\/wp-json\/wp\/v2\/tags?post=4894"}],"curies":[{"name":"wp","href":"https:\/\/api.w.org\/{rel}","templated":true}]}}