{"id":5152,"date":"2022-03-07T11:11:36","date_gmt":"2022-03-07T11:11:36","guid":{"rendered":"https:\/\/blogsaverroes.juntadeandalucia.es\/iesantonioalvarezlopez\/?p=5152"},"modified":"2022-04-28T08:01:28","modified_gmt":"2022-04-28T08:01:28","slug":"acogida-de-una-docente-francesa","status":"publish","type":"post","link":"https:\/\/blogsaverroes.juntadeandalucia.es\/iesantonioalvarezlopez\/acogida-de-una-docente-francesa\/","title":{"rendered":"Acogida de una docente francesa"},"content":{"rendered":"<div dir=\"auto\">Durante dos semanas, nuestro centro ha acogido a la profesora Carine Bidron del Coll\u00e8ge Pierre Simon de Laplace (Lisieux, Francia). Carine es profesora de espa\u00f1ol y lleva colaborando con nosotros en proyectos eTwinning desde hace cuatro a\u00f1os. Durante este curso, alumnos de 1\u00ba y 4\u00ba ESO est\u00e1n trabajando con sus hom\u00f3logos franceses e intercambiando cartas, v\u00eddeos&#8230;<\/div>\n<div dir=\"auto\">La docente ha asistido como observadora a clases de Matem\u00e1ticas, Lengua y Educaci\u00f3n F\u00edsica entre otras, as\u00ed como ha reuniones de departamentos, proyectos, etc. Pudo tambi\u00e9n acompa\u00f1ar a los alumnos de 4\u00ba ESO en la representaci\u00f3n teatral de La Casa de Bernarda Alba. Adem\u00e1s, ha participado activamente en las clases de Franc\u00e9s, donde alumnos de todos los niveles han podido interactuar con ella y utilizar sus conocimientos del idioma extranjero.<\/div>\n<div dir=\"auto\">La experiencia ha sido muy positiva para ambas partes. Esperamos que nuestra colaboraci\u00f3n con el centro Pierre Simon de Laplace dure muchos a\u00f1os m\u00e1s, as\u00ed como poder volver a participar como centro de acogida para estancias profesionales de docentes europeos.<\/div>\n<div dir=\"auto\">&nbsp;<\/div>\n<div dir=\"auto\">En este blog del ministerio se recogen todos los detalles de lo que fue esta experiencia:<\/div>\n<div dir=\"auto\"><a href=\"http:\/\/blog.intef.es\/estanciasprofesionales\/2022\/04\/27\/estancia-de-una-docente-francesa-en-el-ies-antonio-alvarez-lopez\/\">http:\/\/blog.intef.es\/estanciasprofesionales\/2022\/04\/27\/estancia-de-una-docente-francesa-en-el-ies-antonio-alvarez-lopez\/<\/a><\/div>\n<div dir=\"auto\">&nbsp;<\/div>\n<div dir=\"auto\">&nbsp;<\/div>\n<div dir=\"auto\"><a href=\"https:\/\/blogsaverroes.juntadeandalucia.es\/iesantonioalvarezlopez\/files\/2022\/03\/fran1.jpg\"><img loading=\"lazy\" decoding=\"async\" class=\"alignnone size-medium wp-image-5156\" src=\"https:\/\/blogsaverroes.juntadeandalucia.es\/iesantonioalvarezlopez\/files\/2022\/03\/fran1-300x138.jpg\" alt=\"\" width=\"300\" height=\"138\" srcset=\"https:\/\/blogsaverroes.juntadeandalucia.es\/iesantonioalvarezlopez\/files\/2022\/03\/fran1-300x138.jpg 300w, https:\/\/blogsaverroes.juntadeandalucia.es\/iesantonioalvarezlopez\/files\/2022\/03\/fran1-1024x472.jpg 1024w, https:\/\/blogsaverroes.juntadeandalucia.es\/iesantonioalvarezlopez\/files\/2022\/03\/fran1-768x354.jpg 768w, https:\/\/blogsaverroes.juntadeandalucia.es\/iesantonioalvarezlopez\/files\/2022\/03\/fran1-1536x709.jpg 1536w, https:\/\/blogsaverroes.juntadeandalucia.es\/iesantonioalvarezlopez\/files\/2022\/03\/fran1-980x450.jpg 980w, https:\/\/blogsaverroes.juntadeandalucia.es\/iesantonioalvarezlopez\/files\/2022\/03\/fran1.jpg 1912w\" sizes=\"(max-width: 300px) 100vw, 300px\" \/><\/a><a href=\"https:\/\/blogsaverroes.juntadeandalucia.es\/iesantonioalvarezlopez\/files\/2022\/03\/fran5.jpg\"><img loading=\"lazy\" decoding=\"async\" class=\"alignnone size-medium wp-image-5155\" src=\"https:\/\/blogsaverroes.juntadeandalucia.es\/iesantonioalvarezlopez\/files\/2022\/03\/fran5-300x108.jpg\" alt=\"\" width=\"300\" height=\"108\" srcset=\"https:\/\/blogsaverroes.juntadeandalucia.es\/iesantonioalvarezlopez\/files\/2022\/03\/fran5-300x108.jpg 300w, https:\/\/blogsaverroes.juntadeandalucia.es\/iesantonioalvarezlopez\/files\/2022\/03\/fran5-1024x370.jpg 1024w, https:\/\/blogsaverroes.juntadeandalucia.es\/iesantonioalvarezlopez\/files\/2022\/03\/fran5-768x277.jpg 768w, https:\/\/blogsaverroes.juntadeandalucia.es\/iesantonioalvarezlopez\/files\/2022\/03\/fran5-1536x555.jpg 1536w, https:\/\/blogsaverroes.juntadeandalucia.es\/iesantonioalvarezlopez\/files\/2022\/03\/fran5.jpg 1600w\" sizes=\"(max-width: 300px) 100vw, 300px\" \/><\/a> <a href=\"https:\/\/blogsaverroes.juntadeandalucia.es\/iesantonioalvarezlopez\/files\/2022\/03\/fran2.jpg\"><img loading=\"lazy\" decoding=\"async\" class=\"alignnone size-medium wp-image-5157\" src=\"https:\/\/blogsaverroes.juntadeandalucia.es\/iesantonioalvarezlopez\/files\/2022\/03\/fran2-224x300.jpg\" alt=\"\" width=\"224\" height=\"300\" srcset=\"https:\/\/blogsaverroes.juntadeandalucia.es\/iesantonioalvarezlopez\/files\/2022\/03\/fran2-224x300.jpg 224w, https:\/\/blogsaverroes.juntadeandalucia.es\/iesantonioalvarezlopez\/files\/2022\/03\/fran2-765x1024.jpg 765w, https:\/\/blogsaverroes.juntadeandalucia.es\/iesantonioalvarezlopez\/files\/2022\/03\/fran2-768x1028.jpg 768w, https:\/\/blogsaverroes.juntadeandalucia.es\/iesantonioalvarezlopez\/files\/2022\/03\/fran2-1148x1536.jpg 1148w, https:\/\/blogsaverroes.juntadeandalucia.es\/iesantonioalvarezlopez\/files\/2022\/03\/fran2.jpg 1296w\" sizes=\"(max-width: 224px) 100vw, 224px\" \/><\/a><a href=\"https:\/\/blogsaverroes.juntadeandalucia.es\/iesantonioalvarezlopez\/files\/2022\/03\/fran3.png\"><img loading=\"lazy\" decoding=\"async\" class=\"alignnone size-medium wp-image-5153\" src=\"https:\/\/blogsaverroes.juntadeandalucia.es\/iesantonioalvarezlopez\/files\/2022\/03\/fran3-300x65.png\" alt=\"\" width=\"300\" height=\"65\" srcset=\"https:\/\/blogsaverroes.juntadeandalucia.es\/iesantonioalvarezlopez\/files\/2022\/03\/fran3-300x65.png 300w, https:\/\/blogsaverroes.juntadeandalucia.es\/iesantonioalvarezlopez\/files\/2022\/03\/fran3-768x167.png 768w, https:\/\/blogsaverroes.juntadeandalucia.es\/iesantonioalvarezlopez\/files\/2022\/03\/fran3.png 851w\" sizes=\"(max-width: 300px) 100vw, 300px\" \/><\/a><a href=\"https:\/\/blogsaverroes.juntadeandalucia.es\/iesantonioalvarezlopez\/files\/2022\/03\/fran4.png\"><img loading=\"lazy\" decoding=\"async\" class=\"alignnone size-medium wp-image-5154\" src=\"https:\/\/blogsaverroes.juntadeandalucia.es\/iesantonioalvarezlopez\/files\/2022\/03\/fran4-300x40.png\" alt=\"\" width=\"300\" height=\"40\" srcset=\"https:\/\/blogsaverroes.juntadeandalucia.es\/iesantonioalvarezlopez\/files\/2022\/03\/fran4-300x40.png 300w, https:\/\/blogsaverroes.juntadeandalucia.es\/iesantonioalvarezlopez\/files\/2022\/03\/fran4-1024x136.png 1024w, https:\/\/blogsaverroes.juntadeandalucia.es\/iesantonioalvarezlopez\/files\/2022\/03\/fran4-768x102.png 768w, https:\/\/blogsaverroes.juntadeandalucia.es\/iesantonioalvarezlopez\/files\/2022\/03\/fran4.png 1175w\" sizes=\"(max-width: 300px) 100vw, 300px\" \/><\/a><\/div>\n","protected":false},"excerpt":{"rendered":"<p>Durante dos semanas, nuestro centro ha acogido a la profesora Carine Bidron del Coll\u00e8ge Pierre Simon de Laplace (Lisieux, Francia). Carine es profesora de espa\u00f1ol y lleva colaborando con nosotros en proyectos eTwinning desde&#46;&#46;&#46;<\/p>\n","protected":false},"author":10111,"featured_media":5156,"comment_status":"closed","ping_status":"closed","sticky":false,"template":"","format":"standard","meta":{"ngg_post_thumbnail":0,"footnotes":""},"categories":[26],"tags":[],"aioseo_notices":[],"_links":{"self":[{"href":"https:\/\/blogsaverroes.juntadeandalucia.es\/iesantonioalvarezlopez\/wp-json\/wp\/v2\/posts\/5152"}],"collection":[{"href":"https:\/\/blogsaverroes.juntadeandalucia.es\/iesantonioalvarezlopez\/wp-json\/wp\/v2\/posts"}],"about":[{"href":"https:\/\/blogsaverroes.juntadeandalucia.es\/iesantonioalvarezlopez\/wp-json\/wp\/v2\/types\/post"}],"author":[{"embeddable":true,"href":"https:\/\/blogsaverroes.juntadeandalucia.es\/iesantonioalvarezlopez\/wp-json\/wp\/v2\/users\/10111"}],"replies":[{"embeddable":true,"href":"https:\/\/blogsaverroes.juntadeandalucia.es\/iesantonioalvarezlopez\/wp-json\/wp\/v2\/comments?post=5152"}],"version-history":[{"count":3,"href":"https:\/\/blogsaverroes.juntadeandalucia.es\/iesantonioalvarezlopez\/wp-json\/wp\/v2\/posts\/5152\/revisions"}],"predecessor-version":[{"id":5371,"href":"https:\/\/blogsaverroes.juntadeandalucia.es\/iesantonioalvarezlopez\/wp-json\/wp\/v2\/posts\/5152\/revisions\/5371"}],"wp:featuredmedia":[{"embeddable":true,"href":"https:\/\/blogsaverroes.juntadeandalucia.es\/iesantonioalvarezlopez\/wp-json\/wp\/v2\/media\/5156"}],"wp:attachment":[{"href":"https:\/\/blogsaverroes.juntadeandalucia.es\/iesantonioalvarezlopez\/wp-json\/wp\/v2\/media?parent=5152"}],"wp:term":[{"taxonomy":"category","embeddable":true,"href":"https:\/\/blogsaverroes.juntadeandalucia.es\/iesantonioalvarezlopez\/wp-json\/wp\/v2\/categories?post=5152"},{"taxonomy":"post_tag","embeddable":true,"href":"https:\/\/blogsaverroes.juntadeandalucia.es\/iesantonioalvarezlopez\/wp-json\/wp\/v2\/tags?post=5152"}],"curies":[{"name":"wp","href":"https:\/\/api.w.org\/{rel}","templated":true}]}}