{"id":5193,"date":"2022-03-14T18:18:19","date_gmt":"2022-03-14T18:18:19","guid":{"rendered":"https:\/\/blogsaverroes.juntadeandalucia.es\/iesantonioalvarezlopez\/?p=5193"},"modified":"2022-03-14T18:18:19","modified_gmt":"2022-03-14T18:18:19","slug":"becas-para-estudios-postobligatorios","status":"publish","type":"post","link":"https:\/\/blogsaverroes.juntadeandalucia.es\/iesantonioalvarezlopez\/becas-para-estudios-postobligatorios\/","title":{"rendered":"Becas para estudios postobligatorios"},"content":{"rendered":"<p>Las familias de nuestro alumnado podr\u00e1n solicitar beca para estudios postobligatorios (Bachillerato y Formaci\u00f3n Profesional de Grado B\u00e1sico y Grado Medio incluidos) desde el 30 de marzo hasta el 12 mayo de 2022.<\/p>\n<p><a href=\"https:\/\/blogsaverroes.juntadeandalucia.es\/iesantonioalvarezlopez\/files\/2022\/03\/beca1.png\"><img loading=\"lazy\" decoding=\"async\" class=\"alignnone size-medium wp-image-5194\" src=\"https:\/\/blogsaverroes.juntadeandalucia.es\/iesantonioalvarezlopez\/files\/2022\/03\/beca1-212x300.png\" alt=\"\" width=\"212\" height=\"300\" srcset=\"https:\/\/blogsaverroes.juntadeandalucia.es\/iesantonioalvarezlopez\/files\/2022\/03\/beca1-212x300.png 212w, https:\/\/blogsaverroes.juntadeandalucia.es\/iesantonioalvarezlopez\/files\/2022\/03\/beca1-724x1024.png 724w, https:\/\/blogsaverroes.juntadeandalucia.es\/iesantonioalvarezlopez\/files\/2022\/03\/beca1-768x1087.png 768w, https:\/\/blogsaverroes.juntadeandalucia.es\/iesantonioalvarezlopez\/files\/2022\/03\/beca1-1085x1536.png 1085w, https:\/\/blogsaverroes.juntadeandalucia.es\/iesantonioalvarezlopez\/files\/2022\/03\/beca1.png 1447w\" sizes=\"(max-width: 212px) 100vw, 212px\" \/><\/a> <a href=\"https:\/\/blogsaverroes.juntadeandalucia.es\/iesantonioalvarezlopez\/files\/2022\/03\/beca2.png\"><img loading=\"lazy\" decoding=\"async\" class=\"alignnone size-medium wp-image-5195\" src=\"https:\/\/blogsaverroes.juntadeandalucia.es\/iesantonioalvarezlopez\/files\/2022\/03\/beca2-212x300.png\" alt=\"\" width=\"212\" height=\"300\" srcset=\"https:\/\/blogsaverroes.juntadeandalucia.es\/iesantonioalvarezlopez\/files\/2022\/03\/beca2-212x300.png 212w, https:\/\/blogsaverroes.juntadeandalucia.es\/iesantonioalvarezlopez\/files\/2022\/03\/beca2-724x1024.png 724w, https:\/\/blogsaverroes.juntadeandalucia.es\/iesantonioalvarezlopez\/files\/2022\/03\/beca2-768x1087.png 768w, https:\/\/blogsaverroes.juntadeandalucia.es\/iesantonioalvarezlopez\/files\/2022\/03\/beca2-1085x1536.png 1085w, https:\/\/blogsaverroes.juntadeandalucia.es\/iesantonioalvarezlopez\/files\/2022\/03\/beca2.png 1447w\" sizes=\"(max-width: 212px) 100vw, 212px\" \/><\/a><\/p>\n","protected":false},"excerpt":{"rendered":"<p>Las familias de nuestro alumnado podr\u00e1n solicitar beca para estudios postobligatorios (Bachillerato y Formaci\u00f3n Profesional de Grado B\u00e1sico y Grado Medio incluidos) desde el 30 de marzo hasta el 12 mayo de 2022.<\/p>\n","protected":false},"author":10111,"featured_media":5194,"comment_status":"closed","ping_status":"closed","sticky":false,"template":"","format":"standard","meta":{"ngg_post_thumbnail":0,"footnotes":""},"categories":[15],"tags":[],"aioseo_notices":[],"_links":{"self":[{"href":"https:\/\/blogsaverroes.juntadeandalucia.es\/iesantonioalvarezlopez\/wp-json\/wp\/v2\/posts\/5193"}],"collection":[{"href":"https:\/\/blogsaverroes.juntadeandalucia.es\/iesantonioalvarezlopez\/wp-json\/wp\/v2\/posts"}],"about":[{"href":"https:\/\/blogsaverroes.juntadeandalucia.es\/iesantonioalvarezlopez\/wp-json\/wp\/v2\/types\/post"}],"author":[{"embeddable":true,"href":"https:\/\/blogsaverroes.juntadeandalucia.es\/iesantonioalvarezlopez\/wp-json\/wp\/v2\/users\/10111"}],"replies":[{"embeddable":true,"href":"https:\/\/blogsaverroes.juntadeandalucia.es\/iesantonioalvarezlopez\/wp-json\/wp\/v2\/comments?post=5193"}],"version-history":[{"count":2,"href":"https:\/\/blogsaverroes.juntadeandalucia.es\/iesantonioalvarezlopez\/wp-json\/wp\/v2\/posts\/5193\/revisions"}],"predecessor-version":[{"id":5197,"href":"https:\/\/blogsaverroes.juntadeandalucia.es\/iesantonioalvarezlopez\/wp-json\/wp\/v2\/posts\/5193\/revisions\/5197"}],"wp:featuredmedia":[{"embeddable":true,"href":"https:\/\/blogsaverroes.juntadeandalucia.es\/iesantonioalvarezlopez\/wp-json\/wp\/v2\/media\/5194"}],"wp:attachment":[{"href":"https:\/\/blogsaverroes.juntadeandalucia.es\/iesantonioalvarezlopez\/wp-json\/wp\/v2\/media?parent=5193"}],"wp:term":[{"taxonomy":"category","embeddable":true,"href":"https:\/\/blogsaverroes.juntadeandalucia.es\/iesantonioalvarezlopez\/wp-json\/wp\/v2\/categories?post=5193"},{"taxonomy":"post_tag","embeddable":true,"href":"https:\/\/blogsaverroes.juntadeandalucia.es\/iesantonioalvarezlopez\/wp-json\/wp\/v2\/tags?post=5193"}],"curies":[{"name":"wp","href":"https:\/\/api.w.org\/{rel}","templated":true}]}}