{"id":5301,"date":"2022-04-21T07:57:18","date_gmt":"2022-04-21T07:57:18","guid":{"rendered":"https:\/\/blogsaverroes.juntadeandalucia.es\/iesantonioalvarezlopez\/?p=5301"},"modified":"2022-04-21T07:58:41","modified_gmt":"2022-04-21T07:58:41","slug":"fin-de-la-obligatoriedad-del-uso-de-mascarillas","status":"publish","type":"post","link":"https:\/\/blogsaverroes.juntadeandalucia.es\/iesantonioalvarezlopez\/fin-de-la-obligatoriedad-del-uso-de-mascarillas\/","title":{"rendered":"Fin de la obligatoriedad del uso de mascarillas"},"content":{"rendered":"<div class=\"kvgmc6g5 cxmmr5t8 oygrvhab hcukyx3x c1et5uql ii04i59q\">\n<div dir=\"auto\">Estimados miembros de la Comunidad Educativa del IES Antonio \u00c1lvarez L\u00f3pez, tras la publicaci\u00f3n en el BOE de hoy del Real Decreto 286\/2022, por el que se modifica la obligatoriedad del uso de mascarillas durante la situaci\u00f3n de crisis sanitaria ocasionada por la COVID-19 y, posteriormente, haber recibido las instrucciones para Andaluc\u00eda por parte de las Consejer\u00edas de Salud y Familias, por un lado, y Educaci\u00f3n y Deporte, por otro, el uso obligatorio de mascarillas en el interior (aulas y espacios comunes) queda derogado, suprimido. As\u00ed pues, desde ma\u00f1ana TODOS PODREMOS ACUDIR AL INSTITUTO SIN MASCARILLA y su uso ser\u00e1 voluntario, ya que entendemos que pudieran darse circunstancias personales y familiares en el alumnado y el profesorado que har\u00edan aconsejable seguir llev\u00e1ndolas. En la tarde de hoy hemos celebrado Claustro y Consejo Escolar, quedando ambos \u00f3rganos informados.<\/div>\n<\/div>\n<div class=\"cxmmr5t8 oygrvhab hcukyx3x c1et5uql o9v6fnle ii04i59q\">\n<div dir=\"auto\">En breve adaptaremos nuestro Protocolo de Actuaci\u00f3n COVID-19 para ajustarnos a estas nuevas normativas y, qu\u00e9 duda cabe, seguir garantizando la seguridad de todas las personas que forman parte de nuestro d\u00eda a d\u00eda.<\/div>\n<div dir=\"auto\"><a href=\"https:\/\/blogsaverroes.juntadeandalucia.es\/iesantonioalvarezlopez\/files\/2022\/04\/masc1.jpg\"><img loading=\"lazy\" decoding=\"async\" class=\"alignnone wp-image-5302 size-medium\" src=\"https:\/\/blogsaverroes.juntadeandalucia.es\/iesantonioalvarezlopez\/files\/2022\/04\/masc1-212x300.jpg\" alt=\"\" width=\"212\" height=\"300\" srcset=\"https:\/\/blogsaverroes.juntadeandalucia.es\/iesantonioalvarezlopez\/files\/2022\/04\/masc1-212x300.jpg 212w, https:\/\/blogsaverroes.juntadeandalucia.es\/iesantonioalvarezlopez\/files\/2022\/04\/masc1-724x1024.jpg 724w, https:\/\/blogsaverroes.juntadeandalucia.es\/iesantonioalvarezlopez\/files\/2022\/04\/masc1-768x1087.jpg 768w, https:\/\/blogsaverroes.juntadeandalucia.es\/iesantonioalvarezlopez\/files\/2022\/04\/masc1-1085x1536.jpg 1085w, https:\/\/blogsaverroes.juntadeandalucia.es\/iesantonioalvarezlopez\/files\/2022\/04\/masc1.jpg 1240w\" sizes=\"(max-width: 212px) 100vw, 212px\" \/><\/a> <a href=\"https:\/\/blogsaverroes.juntadeandalucia.es\/iesantonioalvarezlopez\/files\/2022\/04\/masc2.jpg\"><img loading=\"lazy\" decoding=\"async\" class=\"alignnone wp-image-5303 size-medium\" src=\"https:\/\/blogsaverroes.juntadeandalucia.es\/iesantonioalvarezlopez\/files\/2022\/04\/masc2-212x300.jpg\" alt=\"\" width=\"212\" height=\"300\" srcset=\"https:\/\/blogsaverroes.juntadeandalucia.es\/iesantonioalvarezlopez\/files\/2022\/04\/masc2-212x300.jpg 212w, https:\/\/blogsaverroes.juntadeandalucia.es\/iesantonioalvarezlopez\/files\/2022\/04\/masc2-724x1024.jpg 724w, https:\/\/blogsaverroes.juntadeandalucia.es\/iesantonioalvarezlopez\/files\/2022\/04\/masc2-768x1087.jpg 768w, https:\/\/blogsaverroes.juntadeandalucia.es\/iesantonioalvarezlopez\/files\/2022\/04\/masc2-1085x1536.jpg 1085w, https:\/\/blogsaverroes.juntadeandalucia.es\/iesantonioalvarezlopez\/files\/2022\/04\/masc2.jpg 1240w\" sizes=\"(max-width: 212px) 100vw, 212px\" \/><\/a> <a href=\"https:\/\/blogsaverroes.juntadeandalucia.es\/iesantonioalvarezlopez\/files\/2022\/04\/masc3.jpg\"><img loading=\"lazy\" decoding=\"async\" class=\"alignnone wp-image-5304 size-medium\" src=\"https:\/\/blogsaverroes.juntadeandalucia.es\/iesantonioalvarezlopez\/files\/2022\/04\/masc3-212x300.jpg\" alt=\"\" width=\"212\" height=\"300\" srcset=\"https:\/\/blogsaverroes.juntadeandalucia.es\/iesantonioalvarezlopez\/files\/2022\/04\/masc3-212x300.jpg 212w, https:\/\/blogsaverroes.juntadeandalucia.es\/iesantonioalvarezlopez\/files\/2022\/04\/masc3-724x1024.jpg 724w, https:\/\/blogsaverroes.juntadeandalucia.es\/iesantonioalvarezlopez\/files\/2022\/04\/masc3-768x1086.jpg 768w, https:\/\/blogsaverroes.juntadeandalucia.es\/iesantonioalvarezlopez\/files\/2022\/04\/masc3-1086x1536.jpg 1086w, https:\/\/blogsaverroes.juntadeandalucia.es\/iesantonioalvarezlopez\/files\/2022\/04\/masc3.jpg 1241w\" sizes=\"(max-width: 212px) 100vw, 212px\" \/><\/a> <a href=\"https:\/\/blogsaverroes.juntadeandalucia.es\/iesantonioalvarezlopez\/files\/2022\/04\/masc4.jpg\"><img loading=\"lazy\" decoding=\"async\" class=\"alignnone wp-image-5305 size-medium\" src=\"https:\/\/blogsaverroes.juntadeandalucia.es\/iesantonioalvarezlopez\/files\/2022\/04\/masc4-212x300.jpg\" alt=\"\" width=\"212\" height=\"300\" srcset=\"https:\/\/blogsaverroes.juntadeandalucia.es\/iesantonioalvarezlopez\/files\/2022\/04\/masc4-212x300.jpg 212w, https:\/\/blogsaverroes.juntadeandalucia.es\/iesantonioalvarezlopez\/files\/2022\/04\/masc4-724x1024.jpg 724w, https:\/\/blogsaverroes.juntadeandalucia.es\/iesantonioalvarezlopez\/files\/2022\/04\/masc4-768x1086.jpg 768w, https:\/\/blogsaverroes.juntadeandalucia.es\/iesantonioalvarezlopez\/files\/2022\/04\/masc4-1086x1536.jpg 1086w, https:\/\/blogsaverroes.juntadeandalucia.es\/iesantonioalvarezlopez\/files\/2022\/04\/masc4.jpg 1241w\" sizes=\"(max-width: 212px) 100vw, 212px\" \/><\/a><\/div>\n<\/div>\n","protected":false},"excerpt":{"rendered":"<p>Estimados miembros de la Comunidad Educativa del IES Antonio \u00c1lvarez L\u00f3pez, tras la publicaci\u00f3n en el BOE de hoy del Real Decreto 286\/2022, por el que se modifica la obligatoriedad del uso de mascarillas&#46;&#46;&#46;<\/p>\n","protected":false},"author":10111,"featured_media":5306,"comment_status":"closed","ping_status":"closed","sticky":false,"template":"","format":"standard","meta":{"ngg_post_thumbnail":0,"footnotes":""},"categories":[3],"tags":[],"aioseo_notices":[],"_links":{"self":[{"href":"https:\/\/blogsaverroes.juntadeandalucia.es\/iesantonioalvarezlopez\/wp-json\/wp\/v2\/posts\/5301"}],"collection":[{"href":"https:\/\/blogsaverroes.juntadeandalucia.es\/iesantonioalvarezlopez\/wp-json\/wp\/v2\/posts"}],"about":[{"href":"https:\/\/blogsaverroes.juntadeandalucia.es\/iesantonioalvarezlopez\/wp-json\/wp\/v2\/types\/post"}],"author":[{"embeddable":true,"href":"https:\/\/blogsaverroes.juntadeandalucia.es\/iesantonioalvarezlopez\/wp-json\/wp\/v2\/users\/10111"}],"replies":[{"embeddable":true,"href":"https:\/\/blogsaverroes.juntadeandalucia.es\/iesantonioalvarezlopez\/wp-json\/wp\/v2\/comments?post=5301"}],"version-history":[{"count":2,"href":"https:\/\/blogsaverroes.juntadeandalucia.es\/iesantonioalvarezlopez\/wp-json\/wp\/v2\/posts\/5301\/revisions"}],"predecessor-version":[{"id":5308,"href":"https:\/\/blogsaverroes.juntadeandalucia.es\/iesantonioalvarezlopez\/wp-json\/wp\/v2\/posts\/5301\/revisions\/5308"}],"wp:featuredmedia":[{"embeddable":true,"href":"https:\/\/blogsaverroes.juntadeandalucia.es\/iesantonioalvarezlopez\/wp-json\/wp\/v2\/media\/5306"}],"wp:attachment":[{"href":"https:\/\/blogsaverroes.juntadeandalucia.es\/iesantonioalvarezlopez\/wp-json\/wp\/v2\/media?parent=5301"}],"wp:term":[{"taxonomy":"category","embeddable":true,"href":"https:\/\/blogsaverroes.juntadeandalucia.es\/iesantonioalvarezlopez\/wp-json\/wp\/v2\/categories?post=5301"},{"taxonomy":"post_tag","embeddable":true,"href":"https:\/\/blogsaverroes.juntadeandalucia.es\/iesantonioalvarezlopez\/wp-json\/wp\/v2\/tags?post=5301"}],"curies":[{"name":"wp","href":"https:\/\/api.w.org\/{rel}","templated":true}]}}