{"id":5359,"date":"2022-04-27T17:39:01","date_gmt":"2022-04-27T17:39:01","guid":{"rendered":"https:\/\/blogsaverroes.juntadeandalucia.es\/iesantonioalvarezlopez\/?p=5359"},"modified":"2022-04-27T21:56:33","modified_gmt":"2022-04-27T21:56:33","slug":"visita-al-salon-del-estudiante","status":"publish","type":"post","link":"https:\/\/blogsaverroes.juntadeandalucia.es\/iesantonioalvarezlopez\/visita-al-salon-del-estudiante\/","title":{"rendered":"Visita al Sal\u00f3n de Estudiantes y Ferisport"},"content":{"rendered":"<p>Os dejamos algunas im\u00e1genes de la visita al Sal\u00f3n del Estudiante de la Universidad de Sevilla y Ferisport 2022 de nuestro alumnado de 3\u00ba y 4\u00ba de ESO. Estos \u00faltimos no pudieron disfrutarla el a\u00f1o pasado, pues no se celebr\u00f3 por la pandemia. Hablamos de una excursi\u00f3n que cada curso organiza el Departamento de Orientaci\u00f3n. No hace falta a\u00f1adir m\u00e1s al inter\u00e9s que muestran sus rostros y los del profesorado acompa\u00f1ante en los stands de las distintas escuelas y facultades universitarias y, por supuesto, la diversi\u00f3n durante las actividades l\u00fadicas y deportivas.<\/p>\nngg_shortcode_0_placeholder\n","protected":false},"excerpt":{"rendered":"<p>Os dejamos algunas im\u00e1genes de la visita al Sal\u00f3n del Estudiante de la Universidad de Sevilla y Ferisport 2022 de nuestro alumnado de 3\u00ba y 4\u00ba de ESO. Estos \u00faltimos no pudieron disfrutarla el&#46;&#46;&#46;<\/p>\n","protected":false},"author":10111,"featured_media":5360,"comment_status":"closed","ping_status":"closed","sticky":false,"template":"","format":"standard","meta":{"ngg_post_thumbnail":0,"footnotes":""},"categories":[10],"tags":[],"aioseo_notices":[],"_links":{"self":[{"href":"https:\/\/blogsaverroes.juntadeandalucia.es\/iesantonioalvarezlopez\/wp-json\/wp\/v2\/posts\/5359"}],"collection":[{"href":"https:\/\/blogsaverroes.juntadeandalucia.es\/iesantonioalvarezlopez\/wp-json\/wp\/v2\/posts"}],"about":[{"href":"https:\/\/blogsaverroes.juntadeandalucia.es\/iesantonioalvarezlopez\/wp-json\/wp\/v2\/types\/post"}],"author":[{"embeddable":true,"href":"https:\/\/blogsaverroes.juntadeandalucia.es\/iesantonioalvarezlopez\/wp-json\/wp\/v2\/users\/10111"}],"replies":[{"embeddable":true,"href":"https:\/\/blogsaverroes.juntadeandalucia.es\/iesantonioalvarezlopez\/wp-json\/wp\/v2\/comments?post=5359"}],"version-history":[{"count":4,"href":"https:\/\/blogsaverroes.juntadeandalucia.es\/iesantonioalvarezlopez\/wp-json\/wp\/v2\/posts\/5359\/revisions"}],"predecessor-version":[{"id":5365,"href":"https:\/\/blogsaverroes.juntadeandalucia.es\/iesantonioalvarezlopez\/wp-json\/wp\/v2\/posts\/5359\/revisions\/5365"}],"wp:featuredmedia":[{"embeddable":true,"href":"https:\/\/blogsaverroes.juntadeandalucia.es\/iesantonioalvarezlopez\/wp-json\/wp\/v2\/media\/5360"}],"wp:attachment":[{"href":"https:\/\/blogsaverroes.juntadeandalucia.es\/iesantonioalvarezlopez\/wp-json\/wp\/v2\/media?parent=5359"}],"wp:term":[{"taxonomy":"category","embeddable":true,"href":"https:\/\/blogsaverroes.juntadeandalucia.es\/iesantonioalvarezlopez\/wp-json\/wp\/v2\/categories?post=5359"},{"taxonomy":"post_tag","embeddable":true,"href":"https:\/\/blogsaverroes.juntadeandalucia.es\/iesantonioalvarezlopez\/wp-json\/wp\/v2\/tags?post=5359"}],"curies":[{"name":"wp","href":"https:\/\/api.w.org\/{rel}","templated":true}]}}