{"id":5834,"date":"2022-06-29T01:10:31","date_gmt":"2022-06-28T23:10:31","guid":{"rendered":"https:\/\/blogsaverroes.juntadeandalucia.es\/iesantonioalvarezlopez\/?p=5834"},"modified":"2022-06-29T01:20:17","modified_gmt":"2022-06-28T23:20:17","slug":"ultima-estancia-erasmus","status":"publish","type":"post","link":"https:\/\/blogsaverroes.juntadeandalucia.es\/iesantonioalvarezlopez\/ultima-estancia-erasmus\/","title":{"rendered":"\u00daltima estancia Erasmus"},"content":{"rendered":"<p dir=\"ltr\">Durante la semana del 20 al 24 de junio de 2022 la profesora del Departamento de Ingl\u00e9s D\u00f1a. Isabel Iglesias Mora realiz\u00f3 un periodo de observaci\u00f3n en el centro ingl\u00e9s Penryn College como parte de nuestro proyecto Erasmus + Time to Change in Gelves.&nbsp;<\/p>\n<p dir=\"ltr\">Penryn es una localidad situada en el <a href=\"https:\/\/es.wikipedia.org\/wiki\/Condados_de_Inglaterra\" target=\"_blank\" rel=\"noopener noreferrer\" data-saferedirecturl=\"https:\/\/www.google.com\/url?q=https:\/\/es.wikipedia.org\/wiki\/Condados_de_Inglaterra&amp;source=gmail&amp;ust=1656543768257000&amp;usg=AOvVaw3bfSeGXoSBSfhRJDqsKEoo\">condado<\/a> de <a href=\"https:\/\/es.wikipedia.org\/wiki\/Anexo:Ciudades_y_pueblos_del_condado_de_Cornualles\" target=\"_blank\" rel=\"noopener noreferrer\" data-saferedirecturl=\"https:\/\/www.google.com\/url?q=https:\/\/es.wikipedia.org\/wiki\/Anexo:Ciudades_y_pueblos_del_condado_de_Cornualles&amp;source=gmail&amp;ust=1656543768257000&amp;usg=AOvVaw2hZXcJRQoqu7hcJrNSJhqA\">Cornualles<\/a>, en <a href=\"https:\/\/es.wikipedia.org\/wiki\/Inglaterra\" target=\"_blank\" rel=\"noopener noreferrer\" data-saferedirecturl=\"https:\/\/www.google.com\/url?q=https:\/\/es.wikipedia.org\/wiki\/Inglaterra&amp;source=gmail&amp;ust=1656543768257000&amp;usg=AOvVaw0ygBESxmVuVQMtN5CoE6Px\">Inglaterra<\/a> (Reino Unido), con una poblaci\u00f3n de unos 10.000 habitantes. Este pueblo se fund\u00f3 alrededor del siglo XI y est\u00e1 al pie del r\u00edo del mismo nombre. Penryn College fue creado en 1957 y en 2008 recibi\u00f3 una gran inversi\u00f3n que posibilit\u00f3 su remodelaci\u00f3n y ampliaci\u00f3n. Recibe a unos 1.200 alumnos de entre 11 a 16 a\u00f1os que proceden de Penryn y otras localidades cercanas. En 1998 se especializ\u00f3 en deportes.<\/p>\n<p dir=\"ltr\">Esta es la \u00faltima movilidad enmarcada en nuestro proyecto&nbsp; Erasmus + Time to Change in Gelves y se diferencia de las dos anteriores por consistir en una visita a un centro educativo.<\/p>\n<ul>\n<li>\n<p dir=\"ltr\" role=\"presentation\">El lunes 20 comenz\u00f3 por un tour por las instalaciones de Penryn College, presentaci\u00f3n al Claustro, asistencia a una reuni\u00f3n informativa general y a un encuentro con todos los miembros del MFL Department (Departamento de Lenguas Extranjeras) y algunos de sus alumnos.<\/p>\n<\/li>\n<li>\n<p dir=\"ltr\" role=\"presentation\">El martes 21 la profesora sigui\u00f3 de cerca a un grupo de Year 7, equivalente a 6\u00ba de Primaria, durante sus 7 clases adem\u00e1s de la reuni\u00f3n diaria de tutor\u00eda.<\/p>\n<\/li>\n<li>\n<p dir=\"ltr\" role=\"presentation\">El mi\u00e9rcoles 22 se dedic\u00f3 a English (similar a nuestra Lengua y Literatura), acompa\u00f1ando en cada periodo de clases a un profesor de dicho departamento.<\/p>\n<\/li>\n<li>\n<p dir=\"ltr\" role=\"presentation\">El jueves 23 fue la jornada art\u00edstica, asistiendo a varias clases de teatro (Year 8, 9 y 10) y de m\u00fasica, as\u00ed como conociendo a los miembros del departamento de Creative Arts.<\/p>\n<\/li>\n<li>\n<p dir=\"ltr\" role=\"presentation\">El viernes 24 se trabaj\u00f3 todo el d\u00eda con los alumnos de Modern Foreign Languages (franc\u00e9s y espa\u00f1ol) y fue la despedida de nuestros penpals (amigos por carta) de este curso y de los miembros del MFL.<\/p>\n<\/li>\n<\/ul>\n<p dir=\"ltr\">Ha sido una experiencia enriquecedora que ha permitido comparar los sistemas educativos desde la cr\u00edtica constructiva, autoevaluarse pero tambi\u00e9n ponerse en valor (ya que en nuestro centro contamos con un profesorado y alumnado excelente), aprender nuevas t\u00e9cnicas pedag\u00f3gicas, promocionar el espa\u00f1ol y nuestra cultura, en especial la andaluza entre otros aspectos. Pero adem\u00e1s esta visita nos ha posibilitado estrechar lazos con un centro con el llevamos trabajando hace varios a\u00f1os a trav\u00e9s de eTwinning.&nbsp;<\/p>\n<p dir=\"ltr\">Esperamos seguir colaborando con ellos en el curso 2022-23.<\/p>\nngg_shortcode_0_placeholder\n","protected":false},"excerpt":{"rendered":"<p>Durante la semana del 20 al 24 de junio de 2022 la profesora del Departamento de Ingl\u00e9s D\u00f1a. Isabel Iglesias Mora realiz\u00f3 un periodo de observaci\u00f3n en el centro ingl\u00e9s Penryn College como parte&#46;&#46;&#46;<\/p>\n","protected":false},"author":10111,"featured_media":5835,"comment_status":"closed","ping_status":"closed","sticky":false,"template":"","format":"standard","meta":{"ngg_post_thumbnail":0,"footnotes":""},"categories":[35,28],"tags":[],"aioseo_notices":[],"_links":{"self":[{"href":"https:\/\/blogsaverroes.juntadeandalucia.es\/iesantonioalvarezlopez\/wp-json\/wp\/v2\/posts\/5834"}],"collection":[{"href":"https:\/\/blogsaverroes.juntadeandalucia.es\/iesantonioalvarezlopez\/wp-json\/wp\/v2\/posts"}],"about":[{"href":"https:\/\/blogsaverroes.juntadeandalucia.es\/iesantonioalvarezlopez\/wp-json\/wp\/v2\/types\/post"}],"author":[{"embeddable":true,"href":"https:\/\/blogsaverroes.juntadeandalucia.es\/iesantonioalvarezlopez\/wp-json\/wp\/v2\/users\/10111"}],"replies":[{"embeddable":true,"href":"https:\/\/blogsaverroes.juntadeandalucia.es\/iesantonioalvarezlopez\/wp-json\/wp\/v2\/comments?post=5834"}],"version-history":[{"count":1,"href":"https:\/\/blogsaverroes.juntadeandalucia.es\/iesantonioalvarezlopez\/wp-json\/wp\/v2\/posts\/5834\/revisions"}],"predecessor-version":[{"id":5836,"href":"https:\/\/blogsaverroes.juntadeandalucia.es\/iesantonioalvarezlopez\/wp-json\/wp\/v2\/posts\/5834\/revisions\/5836"}],"wp:featuredmedia":[{"embeddable":true,"href":"https:\/\/blogsaverroes.juntadeandalucia.es\/iesantonioalvarezlopez\/wp-json\/wp\/v2\/media\/5835"}],"wp:attachment":[{"href":"https:\/\/blogsaverroes.juntadeandalucia.es\/iesantonioalvarezlopez\/wp-json\/wp\/v2\/media?parent=5834"}],"wp:term":[{"taxonomy":"category","embeddable":true,"href":"https:\/\/blogsaverroes.juntadeandalucia.es\/iesantonioalvarezlopez\/wp-json\/wp\/v2\/categories?post=5834"},{"taxonomy":"post_tag","embeddable":true,"href":"https:\/\/blogsaverroes.juntadeandalucia.es\/iesantonioalvarezlopez\/wp-json\/wp\/v2\/tags?post=5834"}],"curies":[{"name":"wp","href":"https:\/\/api.w.org\/{rel}","templated":true}]}}